{"id":1004,"date":"2017-02-03T09:35:29","date_gmt":"2017-02-03T09:35:29","guid":{"rendered":"https:\/\/www.educamadrid.net\/wp\/?p=1004"},"modified":"2017-02-27T18:11:13","modified_gmt":"2017-02-27T18:11:13","slug":"premis-bbva-de-teatre","status":"publish","type":"post","link":"https:\/\/xantalllavina.com\/?p=1004","title":{"rendered":"PREMIS BBVA DE TEATRE"},"content":{"rendered":"<p><strong>Ada Parellada, Xantal Llavina, Joan Pera, Jordi Mart\u00ednez i Abel Folch animan a participar en la campa\u00f1a Una Manzana por la Vida<\/strong><\/p>\n<p>&nbsp;<\/p>\n<p>&nbsp;<\/p>\n<div class=\"wp-caption alignleft\"><img decoding=\"async\" src=\"http:\/\/continguts.fem.es\/Webs\/www.fem.es\/Files\/image\/2014\/Mar%C3%A7\/presentaci%C3%B3_2014__poma%20014.jpg\" alt=\"Una Manzana por la Vida\" width=\"289\" height=\"193\" \/><\/p>\n<p class=\"wp-caption-text\">Una Manzana por la Vida<\/p>\n<\/div>\n<div class=\"wp-caption alignleft\"><img decoding=\"async\" src=\"http:\/\/continguts.fem.es\/Webs\/www.fem.es\/Files\/image\/2014\/Abril\/presentaci%C3%B3_2014__poma%20039.jpg\" alt=\"Una Manzana por la Vida\" width=\"289\" height=\"193\" \/><\/p>\n<p class=\"wp-caption-text\">Una Manzana por la Vida<\/p>\n<\/div>\n<p>&nbsp;<\/p>\n<p>&nbsp;<\/p>\n<p>&nbsp;<\/p>\n<p>&nbsp;<\/p>\n<p>&nbsp;<\/p>\n<p>&nbsp;<\/p>\n<p align=\"justify\">\n<p align=\"justify\">\n<p align=\"justify\">\n<p align=\"justify\">El inicio de la campa\u00f1a <strong>Una Manzana por la Vida<\/strong> ha tenido como protagonista a la cocinera y escritora <strong>Ada Parellada<\/strong>, que ha elaborado dos recetas exclusivas \u2013 <a href=\"http:\/\/www.fem.es\/ada-parellada-cocinara-manzanas-solidarias-con-joan-pera-jordi-martinez-y-la-periodista-xantal-llavina.aspx\" target=\"_blank\">Crujiente de manzana , nueces y pasas y Copa de yogur y manzana<\/a> \u2013 utilizando las manzanas solidarias como ingrediente \u201cestrella\u201d.<\/p>\n<p>En la elaboraci\u00f3n de las recetas, Ada Parellada ha contado con unos \u201cayudantes\u201d de excepci\u00f3n: la directora y presentadora del programa Directo 4.0 de RNE Radio 4, Xantal Llavina, y los actores Jordi Mart\u00ednez, Joan Pera y Abel Folk, que han actuado tambi\u00e9n como padrinos de esta iniciativa solidaria. En el acto de presentaci\u00f3n de la campa\u00f1a, tambi\u00e9n han estado presentes <strong>Rosamaria Estrany<\/strong>, presidenta de la <strong>FEM<\/strong> y Pilar Condal, consejera delegada del Grupo <a href=\"http:\/\/www.condis.es\/\" target=\"_blank\">Condis.<\/a><\/p>\n<p>\u201c<strong>Una manzana por la vida<\/strong>\u201d es una iniciativa solidaria impulsada hace 13 a\u00f1os por la FEM y Condis Supermercados con el objetivo de captar fondos para los servicios asistenciales y en especial los Hospitales de D\u00eda que la FEM gestiona en Lleida, Reus y Barcelona. Participar en la campa\u00f1a es muy sencillo: simplemente es necesario comprar las manzanas solidarias en los m\u00e1s de 400 supermercados Condis de Catalu\u00f1a y Madrid que colaboran con esta iniciativa y que cuentan con el apoyo de 400 voluntarios. Para aquellas personas que no se pueden acercar al supermercado, tambi\u00e9n se pueden adquirir de<a href=\"http:\/\/www.fem.es\/pf-poma-per-la-vida.aspx\" target=\"_blank\"> forma virtual<\/a>. Cada manzana tiene un precio simb\u00f3lico de 1,5 euros.<\/p>\n<p><strong>25 a\u00f1os sensibilizando sobre la enfermedad <\/strong><\/p>\n<p>La campa\u00f1a solidaria \u201d Una manzana por la vida\u201d coincide este a\u00f1o con el 25 aniversario de la Fundaci\u00f3n Esclerosis M\u00faltiple (FEM ). \u201cEsta iniciativa solidaria junto con otras que impulsamos a lo largo del a\u00f1o como el M\u00f3jate o bien la Carrera Atl\u00e9tica en el Circuito de Catalu\u00f1a tienen como principal objetivo sensibilizar a la sociedad sobre la realidad de las personas que padecen esta enfermedad as\u00ed como las consecuencias e impacto que tiene la detecci\u00f3n de la misma tanto en los afectados como en su entorno\u201d explica Rosamaria Estrany, presidenta de la FEM.<\/p>\n<p>Por su parte, Pilar Condal, consejera delegada del Grupo Condis, se\u00f1ala que \u201cCondis como empresa responsable y cercana a la realidad que lo rodea se suma a esta iniciativa apoyando la campa\u00f1a. Llevamos muchos a\u00f1os colaborando y estamos encantados de renovar cada a\u00f1o este compromiso con la FEM y ayudar con esta iniciativa a todas las personas que padecen esclerosis m\u00faltiple, porque con un peque\u00f1o gesto podemos contribuir a mejorar su calidad de vida\u201d.<br \/>\nPuede consultar la lista de supermercados que participan en la iniciativa haga clic <a href=\"http:\/\/www.fem.es\/la-campana-una-manzana-por-la-vida-se-celebrara-los-dias-7-y-8-de-marzo-en-los-supermercados-condis.aspx\">aqu\u00ed<\/a>.<\/p>\n","protected":false},"excerpt":{"rendered":"<p>Ada Parellada, Xantal Llavina, Joan Pera, Jordi Mart\u00ednez i Abel Folch animan a participar en la campa\u00f1a Una Manzana por la Vida &nbsp; &nbsp; Una Manzana por la Vida Una Manzana por la Vida &nbsp; &nbsp; &nbsp; &nbsp; &nbsp; &nbsp; El inicio de la campa\u00f1a&#8230;<\/p>\n","protected":false},"author":1,"featured_media":1005,"comment_status":"closed","ping_status":"closed","sticky":false,"template":"","format":"standard","meta":{"footnotes":""},"categories":[36],"tags":[],"class_list":["post-1004","post","type-post","status-publish","format-standard","has-post-thumbnail","hentry","category-esdeveniments"],"aioseo_notices":[],"_links":{"self":[{"href":"https:\/\/xantalllavina.com\/index.php?rest_route=\/wp\/v2\/posts\/1004","targetHints":{"allow":["GET"]}}],"collection":[{"href":"https:\/\/xantalllavina.com\/index.php?rest_route=\/wp\/v2\/posts"}],"about":[{"href":"https:\/\/xantalllavina.com\/index.php?rest_route=\/wp\/v2\/types\/post"}],"author":[{"embeddable":true,"href":"https:\/\/xantalllavina.com\/index.php?rest_route=\/wp\/v2\/users\/1"}],"replies":[{"embeddable":true,"href":"https:\/\/xantalllavina.com\/index.php?rest_route=%2Fwp%2Fv2%2Fcomments&post=1004"}],"version-history":[{"count":1,"href":"https:\/\/xantalllavina.com\/index.php?rest_route=\/wp\/v2\/posts\/1004\/revisions"}],"predecessor-version":[{"id":1006,"href":"https:\/\/xantalllavina.com\/index.php?rest_route=\/wp\/v2\/posts\/1004\/revisions\/1006"}],"wp:featuredmedia":[{"embeddable":true,"href":"https:\/\/xantalllavina.com\/index.php?rest_route=\/wp\/v2\/media\/1005"}],"wp:attachment":[{"href":"https:\/\/xantalllavina.com\/index.php?rest_route=%2Fwp%2Fv2%2Fmedia&parent=1004"}],"wp:term":[{"taxonomy":"category","embeddable":true,"href":"https:\/\/xantalllavina.com\/index.php?rest_route=%2Fwp%2Fv2%2Fcategories&post=1004"},{"taxonomy":"post_tag","embeddable":true,"href":"https:\/\/xantalllavina.com\/index.php?rest_route=%2Fwp%2Fv2%2Ftags&post=1004"}],"curies":[{"name":"wp","href":"https:\/\/api.w.org\/{rel}","templated":true}]}}