{"id":1013,"date":"2017-02-03T09:41:36","date_gmt":"2017-02-03T09:41:36","guid":{"rendered":"https:\/\/www.educamadrid.net\/wp\/?p=1013"},"modified":"2017-02-27T18:11:13","modified_gmt":"2017-02-27T18:11:13","slug":"gala-de-lliurament-dels-56ens-premis-sant-jordi-de-cinematografia","status":"publish","type":"post","link":"https:\/\/xantalllavina.com\/?p=1013","title":{"rendered":"Gala de lliurament dels 56ens Premis Sant Jordi de Cinematografia"},"content":{"rendered":"<h3><\/h3>\n<p><a href=\"https:\/\/xantalllavina.com\/wp-content\/uploads\/2014\/04\/premis-1.jpg\"><img decoding=\"async\" class=\"size-full wp-image-888 alignleft\" src=\"https:\/\/xantalllavina.com\/wp-content\/uploads\/2014\/04\/premis-1.jpg\" sizes=\"(max-width: 320px) 100vw, 320px\" srcset=\"https:\/\/xantalllavina.com\/wp-content\/uploads\/2014\/04\/premis-1.jpg 320w, https:\/\/xantalllavina.com\/wp-content\/uploads\/2014\/04\/premis-1-300x165.jpg 300w\" alt=\"premis 1\" width=\"320\" height=\"176\" \/><\/a><\/p>\n<p align=\"justify\"><a title=\"xantal llavina\" href=\"http:\/\/es.linkedin.com\/in\/xantallavina\">Xantal Llavina<\/a>, Oriol Nolis i Quim Masferrer presentaran el proper dilluns 16\/04 la 56a. Gala d\u2019entrega dels Premis Sant Jordi de Cinematografia 2012 a l\u2019antiga f\u00e0brica Estrella Damm. 56ena <b>EDICI\u00d3 PREMIS SANT JORDI DE CINEMATIGRAFIA DE RADIO NACIONAL D\u2019ESPA\u00d1A<\/b><br \/>\nFernando Trueba: \u201c\u2018Chico y Rita\u2019 no existiria sense el suport de TVE\u201d<br \/>\nAnit es van lliurar els Premis Sant Jordi de Cinematografia de RNE a l\u2019Antiga F\u00e0brica de cerveses Estrella DAMM. Entre ells, Fernando Trueba i Javier Mariscal, directors de la pel\u00b7l\u00edcula \u2018Chico y Rita\u2019, Michelle Jenner, Jos\u00e9 Coronado i Julieta Serrano.<\/p>\n<p><b>Kike Ma\u00edllo<\/b> va ser el primer a pujar a escenari a recollir el seu premi per la pel\u00b7l\u00edcula\u00a0<strong>\u2018Eva\u2019<\/strong>\u00a0com a millor opera prima. El director va agrair a RNE el suport immens que els ha donat des de l\u2019estrena de la pel\u00b7l\u00edcula i a TVE per avalar al cinema espanyol.L\u2019estatueta de Sant Jordi a la millor pel.l\u00edcula espanyola se la va emportar \u2018Chico y Rita\u2019 una apassionant cinta d\u2019animaci\u00f3 que relata una hist\u00f2ria d\u2019amor a la Cuba dels anys quaranta. El president de l\u2019Acad\u00e8mia de Cinema, Enrique Gonz\u00e1lez Macho, va ser l\u2019encarregat de lliurar el premi a Fernando Trueba i Javier Mariscal. El dissenyador va agrair rebre el premi a Barcelona \u201ca casa, on s\u2019ha fet la pel\u00b7l\u00edcula\u201d. De la seva banda, <b>Fernando Trueba<\/b> va destacar l\u2019esfor\u00e7 que fa el sector p\u00fablic pel cinema: \u201c\u2018Chico y Rita\u2019 no existiria sense l\u2019ajuda de TVE\u201d. Trueba a m\u00e9s va defensar el sector p\u00fablic audiovisual i va dir que no s\u2019hauria de \u201cq\u00fcestionar, en tot cas el que haur\u00edem de q\u00fcestionar \u00e9s el sector privat\u201d.<\/p>\n<p>Invalid Displayed Gallery<\/p>\n<p align=\"justify\"><b>Jos\u00e9 Coronado <\/b>va rebre de mans de l\u2019actriu Leticia Dolera el premi a millor actor. Coronado va agrair el guard\u00f3 als cr\u00edtics ia RNE perqu\u00e8 \u201crefor\u00e7a la idea que hem fet una bona feina\u201d. Tamb\u00e9 va dedicar el premi al director de \u2018No hi haur\u00e0 pau per als malvats\u2019 Enrique Urbizu i a tot l\u2019equip \u201cperqu\u00e8 aix\u00f2 ha estat un treball d\u2019equip\u201d. A m\u00e9s va recordar que aquest any celebra les seves noces de plata com a actor i va recordar el seu amor per Catalunya i Barcelona on d\u2019aqu\u00ed a uns dies comen\u00e7ar\u00e0 el rodatge del seu \u00faltim film.<\/p>\n<p><b>Michelle Jenner<\/b>, que rebia el seu primer premi, va voler compartir-lo amb Montxo Armend\u00e1riz director del film \u2018No tinguis por\u2019 per \u201cfer una pel\u00b7l\u00edcula tan necess\u00e0ria\u201d i per donar-li l\u2019oportunitat d\u2019interpretar a S\u00edlvia. A m\u00e9s, va voler donar suport a les persones que pateixen maltractament com el seu personatge a la pel\u00b7l\u00edcula \u201cuna vegada vaig llegir una frase: valenta no \u00e9s el que no t\u00e9 por sin\u00f3 el que el t\u00e9 i lluita amb ell, aix\u00ed que aquest premi \u00e9s per a tots els valents que han patit abusos i que lluiten cada dia per tirar endavant \u201c.<\/p>\n<p><a href=\"https:\/\/xantalllavina.com\/wp-content\/uploads\/2014\/04\/PREMIS-7.jpg\"><img decoding=\"async\" class=\" wp-image-914 alignright\" src=\"https:\/\/xantalllavina.com\/wp-content\/uploads\/2014\/04\/PREMIS-7-300x199.jpg\" alt=\"PREMIS 7\" width=\"341\" height=\"226\" \/><\/a><\/p>\n<p>Un dels moments m\u00e9s emotius de la nit va arribar amb el premi especial a la traject\u00f2ria per l\u2019actriu catalana <b>Julieta Serrano.<\/b> L\u2019actriu es va emocionar en contemplar com tot el p\u00fablic es posava de peu al aplaudir per mostrar el seu reconeixement i el seu afecte. El director de RNE, <b>Benigno Moreno,<\/b> va ser l\u2019encarregat d\u2019entregar l\u2019estatueta a l\u2019actriu. Julieta Serrano va agrair el premi i va explicar que la seva carrera l\u2019hi havia \u201cl\u2019esfor\u00e7, al treball ia la tenacitat i a la gent que m\u2019ha acompanyat en aquest trajecte\u201d. A m\u00e9s, va dedicar el premi especialment a la seva mare \u201cuna lluitadora i una treballadora excel\u00b7lent\u201d. En l\u2019apartat internacional, la pel\u00b7l\u00edcula francesa \u2018The Artist\u2019, de Michel Hazanavicius, un homenatge al cinema mut en blanc i negre, va aconseguir el premi a millor pel\u00b7l\u00edcula estrangera, el distribu\u00efdor del film, Enrique Gonz\u00e1lez Khun, va ser l\u2019encarregat de recollir-lo.<b> I Kirsten Dunst (\u2018Melancolia\u2019) i Michael Fassbender (\u2018Jane Eyre\u2019 i \u2018Un m\u00e8tode perill\u00f3s\u2019),<\/b> van aconseguir el premi a millor actriu i millor actor estrangers, respectivament.<\/p>\n<p>Tamb\u00e9 es van lliurar els premis Rosa de Sant Jordi a les millors pel\u00b7l\u00edcules espanyola i estrangera elegits per votaci\u00f3 dels oients de <b>R\u00e0dio 4.<\/b> Aquest any, els oients van triar com a millor pel\u00b7l\u00edcula espanyola a \u2018La piel que habito\u2019, de Pedro Almod\u00f3var, protagonitzada per Elena Anaya i Antonio Banderas. El germ\u00e0 del director i productor de la pel\u00b7l\u00edcula, <b>Agust\u00edn Almod\u00f3var,<\/b> va recollir el premi de mans d\u2019una de \u2018les noies Almod\u00f3var\u2019, Loles Le\u00f3n.<br \/>\nLa Rosa de Sant Jordi com a millor pel\u00b7l\u00edcula estrangera va ser per a \u2018Drive\u2019, de Nicolas Winding Refn i protagonitzada per <b>Ryan Gosling i Carey Mulligan.<\/b><\/p>\n<p>I el Premi Sant Jordi a la ind\u00fastria va recaure en el director, guionista i productor de cinema catal\u00e0 Ventura Pons. L\u2019actriu i presentadora Rosa Maria Sard\u00e0 va recollir el premi en nom seu ja que el director estava assistint al lliurament d\u2019un altre guard\u00f3 als Estats Units. L\u2019acte va estar presentat per la directora del programa <b>\u201cDirecte 4.0\u201d de R\u00e0dio 4,<\/b> Xantal Llavina i el periodista de TVE, Oriol Nolis, a m\u00e9s de les aparicions de l\u2019actor Quim Masferrer com espontani que va arrencar les rialles dels presents, entre ells el president de l\u2019Acad\u00e8mia de Cinema, Enrique Gonz\u00e1lez Macho, al costat de les vicepresidentes <b>Marta Etura i Judith Colell.<\/b><\/p>\n<p>Aquest dissabte, l\u2019espai\u00a0<a href=\"http:\/\/www.rtve.es\/noticias\/miradas2\/\">\u2018Miradas 2\u2019\u00a0<\/a>(18.50 hores) oferir\u00e0 un resum de la gala a La 2 de TVE<\/p>\n<div><b>AUDIO 56 ENA EDICI\u00d3 PREMIS SANT JORDI DE CINEMA<\/b><\/div>\n<div><a href=\"http:\/\/www.rtve.es\/alacarta\/audios\/va-de-cine\/gala-lliurament-dels-56ens-premis-sant-jordi-cinematografia\/1377918\/\">http:\/\/www.rtve.es\/alacarta\/audios\/va-de-cine\/gala-lliurament-dels-56ens-premis-sant-jordi-cinematografia\/1377918\/<\/a><a href=\"http:\/\/www.rtve.es\/mediateca\/fotos\/20120417\/premis-sant-jordi-cinematografia-radio-4\/92675.shtml\">http:\/\/www.rtve.es\/mediateca\/fotos\/20120417\/premis-sant-jordi-cinematografia-radio-4\/92675.shtml<\/a><\/div>\n","protected":false},"excerpt":{"rendered":"<p>Xantal Llavina, Oriol Nolis i Quim Masferrer presentaran el proper dilluns 16\/04 la 56a. Gala d\u2019entrega dels Premis Sant Jordi de Cinematografia 2012 a l\u2019antiga f\u00e0brica Estrella Damm. 56ena EDICI\u00d3 PREMIS SANT JORDI DE CINEMATIGRAFIA DE RADIO NACIONAL D\u2019ESPA\u00d1A Fernando Trueba: \u201c\u2018Chico y Rita\u2019 no&#8230;<\/p>\n","protected":false},"author":1,"featured_media":1014,"comment_status":"closed","ping_status":"closed","sticky":false,"template":"","format":"standard","meta":{"footnotes":""},"categories":[36],"tags":[],"class_list":["post-1013","post","type-post","status-publish","format-standard","has-post-thumbnail","hentry","category-esdeveniments"],"aioseo_notices":[],"_links":{"self":[{"href":"https:\/\/xantalllavina.com\/index.php?rest_route=\/wp\/v2\/posts\/1013","targetHints":{"allow":["GET"]}}],"collection":[{"href":"https:\/\/xantalllavina.com\/index.php?rest_route=\/wp\/v2\/posts"}],"about":[{"href":"https:\/\/xantalllavina.com\/index.php?rest_route=\/wp\/v2\/types\/post"}],"author":[{"embeddable":true,"href":"https:\/\/xantalllavina.com\/index.php?rest_route=\/wp\/v2\/users\/1"}],"replies":[{"embeddable":true,"href":"https:\/\/xantalllavina.com\/index.php?rest_route=%2Fwp%2Fv2%2Fcomments&post=1013"}],"version-history":[{"count":1,"href":"https:\/\/xantalllavina.com\/index.php?rest_route=\/wp\/v2\/posts\/1013\/revisions"}],"predecessor-version":[{"id":1015,"href":"https:\/\/xantalllavina.com\/index.php?rest_route=\/wp\/v2\/posts\/1013\/revisions\/1015"}],"wp:featuredmedia":[{"embeddable":true,"href":"https:\/\/xantalllavina.com\/index.php?rest_route=\/wp\/v2\/media\/1014"}],"wp:attachment":[{"href":"https:\/\/xantalllavina.com\/index.php?rest_route=%2Fwp%2Fv2%2Fmedia&parent=1013"}],"wp:term":[{"taxonomy":"category","embeddable":true,"href":"https:\/\/xantalllavina.com\/index.php?rest_route=%2Fwp%2Fv2%2Fcategories&post=1013"},{"taxonomy":"post_tag","embeddable":true,"href":"https:\/\/xantalllavina.com\/index.php?rest_route=%2Fwp%2Fv2%2Ftags&post=1013"}],"curies":[{"name":"wp","href":"https:\/\/api.w.org\/{rel}","templated":true}]}}