{"id":2951,"date":"2020-09-19T06:20:10","date_gmt":"2020-09-19T06:20:10","guid":{"rendered":"https:\/\/www.educamadrid.net\/wp\/?p=2951"},"modified":"2020-09-19T06:20:10","modified_gmt":"2020-09-19T06:20:10","slug":"xantal-llavina-periodista-ha-publicat-el-llibre-som-digitals-la-crisi-de-la-covid-19-beneficia-les-empreses-tecnologiques","status":"publish","type":"post","link":"https:\/\/xantalllavina.com\/?p=2951","title":{"rendered":"XANTAL LLAVINA PERIODISTA. HA PUBLICAT EL LLIBRE \u201cSOM DIGITALS\u201d \u201cLa crisi de la Covid-19 beneficia les empreses tecnol\u00f2giques\u201d"},"content":{"rendered":"<header>\n<div class=\"capcalera-article\">\n<div class=\"article-seccio\">COMUNICACI\u00d3<\/div>\n<div class=\"article-meta\"><span class=\"datacio\">BARCELONA<\/span>\u00a0&#8211;\u00a0<span class=\"createdate old_article\">1 abril 2020 2.00 h<\/span><\/div>\n<\/div>\n<div class=\"avantitol-content\">\n<h3 class=\"avantitol\">XANTAL LLAVINA<\/h3>\n<h3 class=\"avantitol2\">PERIODISTA. HA PUBLICAT EL LLIBRE<\/h3>\n<h3 class=\"avantitol2\"><a href=\"https:\/\/www.elpuntavui.cat\/comunicacio\/article\/20-comunicacio\/1767428-la-crisi-de-la-covid-19-beneficia-les-empreses-tecnologiques.html\">\u201cSOM<\/a> DIGITALS\u201d<\/h3>\n<\/div>\n<h1 class=\"article-titol\">\u201cLa crisi de la Covid-19 beneficia les empreses tecnol\u00f2giques\u201d<\/h1>\n<h3 class=\"subtitol\">\u00a0Pionera en la divulgaci\u00f3 period\u00edstica del m\u00f3n 4.0, resumeix en un llibre el bagatge dels \u00faltims nou anys d\u2019entrevistes a experts de la revoluci\u00f3 digital, fenomen que el confinament, diu, ha propulsat<\/h3>\n<\/header>\n<div class=\"row\">\n<div class=\"col-xs-12 col-sm-12 col-sm2-12 col-md-8 columna-esquerra\">\n<div class=\"galeria\">\n<div class=\"multimedia top una-foto\">\n<div class=\"slick-list draggable\">\n<div class=\"slick-track\">\n<ul>\n<li class=\"hor h34 v916 s800-549 slick-slide slick-current slick-active\" data-slick-index=\"0\" aria-hidden=\"false\"><a class=\"bxslider-lightbox\" tabindex=\"0\" title=\"Xantal Llavina en una imatge promocional del programa \u2018Revoluci\u00f3 4.0\u2019, que presenta a Catalunya R\u00e0dio CATALUNYA R\u00c0DIO.\" href=\"https:\/\/www.elpuntavui.cat\/imatges\/59\/26\/alta\/780_0008_5926555_0bfd4ca7818a5a0e57dd83423865c875.jpg\" rel=\"grupfotos\" data-photo=\"true\" data-slideshow=\"true\" data-slideshow-auto=\"false\" data-slideshow-start=\"\" data-slideshow-stop=\"\" data-current=\"{current}\/{total}\" data-scale-photos=\"true\" data-max-height=\"90%\" data-max-width=\"90%\"><img decoding=\"async\" title=\"Xantal Llavina en una imatge promocional del programa \u2018Revoluci\u00f3 4.0\u2019, que presenta a Catalunya R\u00e0dio CATALUNYA R\u00c0DIO.\" src=\"https:\/\/www.elpuntavui.cat\/imatges\/59\/26\/alta\/780_0008_5926555_0bfd4ca7818a5a0e57dd83423865c875.jpg\" data-width=\"800\" data-height=\"549\" data-gallery-source=\"https:\/\/www.elpuntavui.cat\/imatges\/59\/26\/alta\/780_0008_5926555_0bfd4ca7818a5a0e57dd83423865c875.jpg\" \/><\/a>\n<div class=\"caption\">Xantal Llavina en una imatge promocional del programa \u2018Revoluci\u00f3 4.0\u2019, que presenta a Catalunya R\u00e0dio\u00a0<span class=\"autor\">CATALUNYA R\u00c0DIO<\/span>.<\/div>\n<\/li>\n<\/ul>\n<\/div>\n<\/div>\n<\/div>\n<\/div>\n<div class=\"article-datacio\">\n<div class=\"article-meta\"><span class=\"createby\">GEMMA BUSQUETS ROS<\/span>\u00a0<span class=\"sep\">&#8211;<\/span>\u00a0<span class=\"datacio\">BARCELONA<\/span><\/div>\n<\/div>\n<div id=\"article-content\" class=\"article-content hyphenate\">\n<p>En el pr\u00f2leg de\u00a0<i><a title=\"\" href=\"http:\/\/www.profiteditorial.com\/libro\/som-digitals\/\" target=\"_blank\" rel=\"noopener noreferrer\">Som digi\u00adtals<\/a>\u00a0<\/i>(Edi\u00adto\u00adrial Pro\u00adfit), escriu \u00c0lex Mar\u00adquina, direc\u00adtor de Pro\u00admoci\u00f3 i Estrat\u00e8gia de Marca de la Cor\u00adpo\u00adraci\u00f3 Cata\u00adlana de Mit\u00adjans Audi\u00ado\u00advi\u00adsu\u00adals, que no \u00e9s un lli\u00adbre de tec\u00adno\u00adlo\u00adgia: \u201cHi des\u00adco\u00adbri\u00adrem com la tec\u00adno\u00adlo\u00adgia ha modi\u00adfi\u00adcat la nos\u00adtra manera de viure, ha cap\u00adgi\u00adrat l\u2019estruc\u00adtura social i far\u00e0 que mai m\u00e9s res sigui igual que abans.\u201d<\/p>\n<div id=\"divVideoStepAdTop\" class=\"divVideoStep\"><\/div>\n<div id=\"hybs-mslot-1511-2\" class=\"hybs-mslot\"><\/div>\n<div class=\"formatpre\">La crisi de la Covid-19 ens ha fet ado\u00adnar que som digi\u00adtals?<\/div>\n<div class=\"formatres\">Ens hem digi\u00adta\u00adlit\u00adzat per for\u00e7a. Aquests dies no podem tenir con\u00adtacte hum\u00e0, a la feina, amb la fam\u00edlia, i, per tant, tots ens hem digi\u00adta\u00adlit\u00adzat, que \u00e9s un fet sociol\u00f2gic impor\u00adtant. Vivim aquesta revo\u00adluci\u00f3 digi\u00adtal, per\u00f2 l\u2019hem feta evi\u00addent en aquests \u00e0mbits, el de les rela\u00adci\u00adons per\u00adso\u00adnals i pro\u00adfes\u00adsi\u00ado\u00adnals. Gr\u00e0cies a la tec\u00adno\u00adlo\u00adgia ens podem veure amb la fam\u00edlia. I quant al tele\u00adtre\u00adball, una dada: 2.000 reu\u00adni\u00adons di\u00e0ries es fan telem\u00e0tica\u00adment a la Gene\u00adra\u00adli\u00adtat. Sense la tec\u00adno\u00adlo\u00adgia, amb aquesta pand\u00e8mia, estar\u00edem inco\u00admu\u00adni\u00adcats.<\/div>\n<div class=\"formatpre\">Qu\u00e8 hi ha de nega\u00adtiu de viure la pand\u00e8mia de manera digi\u00adtal?<\/div>\n<div class=\"formatres\">No en veig cap. El que s\u00ed que per\u00adcebo \u00e9s que la revo\u00adluci\u00f3 digi\u00adtal, que incor\u00adpora la rob\u00f2tica entre altres coses, a l\u2019Estat va amb retard. La Xina ho ha fet molt millor que nosal\u00adtres. Tec\u00adnol\u00f2gica\u00adment, s\u00f3n molt m\u00e9s potents. A la Xina tenien robots infer\u00admers. Aqu\u00ed no hi ha cap hos\u00adpi\u00adtal amb un robot que pugui fer tas\u00adques per pre\u00adser\u00advar alguns infer\u00admers. Tamb\u00e9, gr\u00e0cies a l\u2019apli\u00adcaci\u00f3 que ha posat en marxa Salut del govern catal\u00e0, saben com ens tro\u00adbem els cata\u00adlans. I amb impres\u00adso\u00adres 3D s\u2019han pogut impri\u00admir res\u00adpi\u00adra\u00addors. La tec\u00adno\u00adlo\u00adgia ens ajuda total\u00adment en aquesta pand\u00e8mia, per\u00f2 el que s\u2019ha vist \u00e9s que els governs tenen poc implan\u00adtada la revo\u00adluci\u00f3. Un d\u2019aquests casos \u00e9s la rob\u00f2tica.<\/div>\n<div class=\"formatpre\">I la satu\u00adraci\u00f3 d\u2019infor\u00admaci\u00f3?<\/div>\n<div class=\"formatres\">S\u00ed que ens arri\u00adben molts mis\u00adsat\u00adges per dife\u00adrents xar\u00adxes, per\u00f2 aquests dies tamb\u00e9 hem de saber apa\u00adgar la r\u00e0dio i la tele. Psi\u00adcol\u00f2gica\u00adment pot afec\u00adtar tanta satu\u00adraci\u00f3 d\u2019infor\u00admaci\u00f3, pot pro\u00advo\u00adcar angoixa i ansi\u00ade\u00adtat. El que reco\u00adma\u00adnen \u00e9s tamb\u00e9 saber parar. No \u00e9s assu\u00admi\u00adble dige\u00adrir tota aquesta infor\u00admaci\u00f3.<\/div>\n<div class=\"formatpre\">Dues mil reu\u00adni\u00adons di\u00e0ries que fins fa un mes es feien pre\u00adsen\u00adci\u00adal\u00adment. Hi haur\u00e0 un no-retorn a ruti\u00adnes que pens\u00e0vem indis\u00adpen\u00adsa\u00adbles?<\/div>\n<div class=\"formatres\">Crec que s\u00ed, per\u00f2 sobre\u00adtot que el tele\u00adtre\u00adball no sig\u00adni\u00adfica per\u00addre llocs de feina.\u00a0Els empre\u00adsa\u00adris i els caps veu\u00adran que es pot estal\u00adviar per aquesta banda.\u00a0Per\u00f2 que no esta\u00adviin llocs de tre\u00adball.\u00a0S\u00ed que la tec\u00adno\u00adlo\u00adgia ens per\u00admet gua\u00adnyar temps i con\u00adci\u00adliar, cosa que molts pares i mares recla\u00admen. S\u00ed que es poden fer reu\u00adni\u00adons a dist\u00e0ncia amb mol\u00adtes per\u00adso\u00adnes i pren\u00addre deci\u00adsi\u00adons. No valen la pena reu\u00adni\u00adons eter\u00adnes d\u2019una hora. Per\u00f2, amb l\u2019incre\u00adment del tele\u00adtre\u00adball, hi ha grans bancs que ho han imple\u00admen\u00adtat en el 80% de la plan\u00adti\u00adlla. S\u2019ha de refor\u00e7ar tamb\u00e9 la ciber\u00adse\u00adgu\u00adre\u00adtat. Hi ha mol\u00adtes pro\u00adfes\u00adsi\u00adons que s\u2019han adap\u00adtat. Per exem\u00adple, advo\u00adcats, psic\u00f2legs i tamb\u00e9 entre\u00adna\u00addors per\u00adso\u00adnals estan fent con\u00adsul\u00adtes i clas\u00adses per Skype. Per\u00admetr\u00e0 tenir la ves\u00adsant anal\u00f2gica, pre\u00adsen\u00adcial, i la digi\u00adtal.<\/div>\n<div class=\"formatpre\">Vivim massa engan\u00adxats al m\u00f2bil? S\u2019ho pre\u00adgunta al pri\u00admer cap\u00edtol del lli\u00adbre. Hem con\u00adver\u00adtit una eina d\u2019uti\u00adli\u00adtat en una eina d\u2019entre\u00adte\u00adni\u00adment.<\/div>\n<div class=\"formatres\">S\u00ed, perqu\u00e8 ens ha can\u00adviat la manera que tenim de viure i de com ens rela\u00adci\u00ado\u00adnem i de com tre\u00adba\u00adllem. Hi ha estu\u00addis que asse\u00adnya\u00adlen que aga\u00adfem el m\u00f2bil de mit\u00adjana entre 100 i 150 cops al dia. Per fer mol\u00adtes coses: infor\u00admar-nos, com\u00adprar o con\u00adsul\u00adtar els movi\u00adments del banc. \u00c9s posi\u00adtiu per aquesta banda, per\u00f2 tamb\u00e9 \u00e9s un gran espai d\u2019oci digi\u00adtal i vir\u00adtual. Per exem\u00adple, dades que donem al lli\u00adbre: cada dia es veuen al m\u00f3n a You\u00adTube mil mili\u00adons d\u2019hores de v\u00eddeo. I Spo\u00adtify t\u00e9 m\u00e9s de 200 mili\u00adons d\u2019usu\u00ada\u00adris, i Net\u00adflix m\u00e9s de 150 mili\u00adons. Aix\u00f2 vol dir molts con\u00adtin\u00adguts audi\u00ado\u00advi\u00adsu\u00adals. Tamb\u00e9 hi ha el crei\u00adxe\u00adment dels vide\u00ado\u00adjocs. A Cata\u00adlu\u00adnya, tenim 130 empre\u00adses que estan fent vide\u00ado\u00adjocs. I aquests dies de con\u00adfi\u00adna\u00adment hi ha un auge expo\u00adnen\u00adcial dels esports en l\u00ednia. Mouen mil mili\u00adons de d\u00f2lars l\u2019any. Les bene\u00adfi\u00adci\u00ada\u00addes d\u2019aquest coro\u00adna\u00advi\u00adrus s\u00f3n les empre\u00adses tec\u00adnol\u00f2giques.<\/div>\n<div class=\"formatpre\">En canvi, hi ha un impacte econ\u00f2mic letal per a d\u2019altres. Hi haur\u00e0 fei\u00adnes que des\u00ada\u00adpa\u00adrei\u00adxe\u00adran?<\/div>\n<div class=\"formatres\">Penso que hi haur\u00e0 fei\u00adnes que s\u2019hau\u00adran de rea\u00addap\u00adtar. N\u2019hi ha que seran molt neces\u00adsa\u00adris, com els espe\u00adci\u00ada\u00adlis\u00adtes en\u00a0<i>big data<\/i>, que reco\u00adpi\u00adlen totes les dades i aju\u00adden a pren\u00addre deci\u00adsi\u00adons; tamb\u00e9 el desen\u00advo\u00adlu\u00adpa\u00addor de\u00a0<i>software<\/i>, cre\u00ada\u00adtius per ali\u00admen\u00adtar el mons\u00adtre d\u2019inter\u00adnet que devora con\u00adtin\u00adguts i se n\u2019han d\u2019anar gene\u00adrant, espe\u00adci\u00ada\u00adlis\u00adtes en m\u00e0rque\u00adting digi\u00adtal, engi\u00adnyers ambi\u00aden\u00adtals per llui\u00adtar con\u00adtra el canvi clim\u00e0tic, gene\u00adtis\u00adtes, espe\u00adci\u00ada\u00adlis\u00adtes en comer\u00e7 electr\u00f2nic&#8230; Caldr\u00e0 adqui\u00adrir noves com\u00adpet\u00e8ncies i no dei\u00adxar d\u2019apren\u00addre.<\/div>\n<div class=\"formatpre\">Dedica un apar\u00adtat a l\u2019ense\u00adnya\u00adment. Aquests dies hi ha for\u00admaci\u00f3 en l\u00ednia. \u00c9s aquest, el futur?<\/div>\n<div class=\"formatres\">La Covid -19 ha acti\u00advat la revo\u00adluci\u00f3 digi\u00adtal. En el cas de l\u2019ense\u00adnya\u00adment, hi ha clas\u00adses per Skype amb pro\u00adfes\u00adsors, en molts ins\u00adti\u00adtuts s\u2019est\u00e0 tre\u00adba\u00adllant en l\u00ednia i els mes\u00adtres veuen la import\u00e0ncia del m\u00f2bil, l\u2019ordi\u00adna\u00addor i la tau\u00adleta. Cal, per\u00f2, llui\u00adtar perqu\u00e8 ho tin\u00adguin tots els alum\u00adnes, eli\u00admi\u00adnar la bretxa digi\u00adtal. Ens hem de plan\u00adte\u00adjar com s\u2019ha de fer l\u2019apre\u00adnen\u00adtatge digi\u00adtal dels nos\u00adtres fills. Ja s\u2019estan fent clas\u00adses de rob\u00f2tica, per\u00f2 pen\u00adsant tamb\u00e9 en les nenes. Cal moti\u00advar les nenes en el m\u00f3n de la tec\u00adno\u00adlo\u00adgia. \u00c9s impor\u00adtant fer aquesta feina des de les aules, tamb\u00e9 d\u2019abor\u00addar con\u00adcep\u00adtes com la nano\u00adtec\u00adno\u00adlo\u00adgia o la intel\u00b7lig\u00e8ncia arti\u00adfi\u00adcial.<\/div>\n<div class=\"formatpre\">La revo\u00adluci\u00f3 digi\u00adtal ha empo\u00adde\u00adrat les dones<\/div>\n<div class=\"formatres\">La tec\u00adno\u00adlo\u00adgia ha aju\u00addat a visi\u00adbi\u00adlit\u00adzar i a empo\u00adde\u00adrar les dones. Tamb\u00e9 gr\u00e0cies a l\u2019eti\u00adqueta #MeToo a les xar\u00adxes soci\u00adals, amb la qual les dones van poder denun\u00adciar asset\u00adja\u00adments sexu\u00adals patits en pri\u00admera per\u00adsona. I aix\u00f2 va por\u00adtar a un movi\u00adment en la soci\u00ade\u00adtat de pren\u00addre consci\u00e8ncia. Tamb\u00e9 hi ha molt talent femen\u00ed que no est\u00e0 visi\u00adbi\u00adlit\u00adzat a les empre\u00adses ni als con\u00adsells d\u2019admi\u00adnis\u00adtraci\u00f3. I en les tec\u00adnol\u00f2giques tamb\u00e9 est\u00e0 pas\u00adsant; nom\u00e9s hi ha un 10% d\u2019estu\u00addi\u00adants dones en les TIC. En el m\u00f3n vir\u00adtual la desi\u00adgual\u00adtat no exis\u00adteix i en el m\u00f3n real s\u00ed.<\/div>\n<div class=\"formatpre\">El 2011 va escriure un lli\u00adbre sobre Face\u00adbook. No fa tants anys, per\u00f2 sem\u00adbla Jur\u00e0ssic. Els ado\u00adles\u00adcents, nadius digi\u00adtals, mar\u00adquen la pauta. S\u00f3n a Ins\u00adta\u00adgram i a Tik Tok. Qui\u00adnes xar\u00adxes que\u00adda\u00adran i d\u2019altres seran modes?<\/div>\n<div class=\"formatres\">Els joves estan en aques\u00adtes xar\u00adxes per entre\u00adte\u00adnir-se i per aix\u00f2 molts mit\u00adjans s\u2019hi han abo\u00adcat, perqu\u00e8 els joves diuen que \u00e9s la via per on s\u2019infor\u00admen. \u00c9s cert que les xar\u00adxes van can\u00advi\u00adant i ara el p\u00fablic es decanta per imat\u00adges i v\u00eddeos. Segu\u00adra\u00adment en nai\u00adxe\u00adran de noves. El tr\u00e0nsit d\u2019inter\u00adnet ha aug\u00admen\u00adtat molt amb la Covid-19 i sobre\u00adtot a les xar\u00adxes soci\u00adals. Segons les \u00falti\u00admes dades de la Gene\u00adra\u00adli\u00adtat, el tr\u00e0nsit d\u2019inter\u00adnet ha cres\u00adcut un 137% i el del m\u00f2bil creix un 50% en veu i un 25% en dades.<\/div>\n<div class=\"formatpre\">Tamb\u00e9 aquests dies de con\u00adfi\u00adna\u00adment s\u2019ha aler\u00adtat de l\u2019exc\u00e9s d\u2019entre\u00adte\u00adni\u00adment i del dret d\u2019avor\u00adrir-se.<\/div>\n<div class=\"formatres\">Som digi\u00adtals per\u00f2 no dei\u00adxem de ser humans. Podem estar con\u00adnec\u00adtats a les xar\u00adxes soci\u00adals per\u00f2 tamb\u00e9 tenir temps per a les rela\u00adci\u00adons per\u00adso\u00adnals. \u00c9s impor\u00adtant ser digi\u00adtals perqu\u00e8 el m\u00f3n avan\u00e7a, per\u00f2 hem de con\u00adser\u00advar l\u2019ess\u00e8ncia de les per\u00adso\u00adnes. La tec\u00adno\u00adlo\u00adgia no ha d\u2019obli\u00addar l\u2019\u00e8tica i la huma\u00adni\u00adtat.<\/div>\n<\/div>\n<\/div>\n<\/div>\n","protected":false},"excerpt":{"rendered":"<p>COMUNICACI\u00d3 BARCELONA\u00a0&#8211;\u00a01 abril 2020 2.00 h XANTAL LLAVINA PERIODISTA. HA PUBLICAT EL LLIBRE \u201cSOM DIGITALS\u201d \u201cLa crisi de la Covid-19 beneficia les empreses tecnol\u00f2giques\u201d \u00a0Pionera en la divulgaci\u00f3 period\u00edstica del m\u00f3n 4.0, resumeix en un llibre el bagatge dels \u00faltims nou anys d\u2019entrevistes a experts&#8230;<\/p>\n","protected":false},"author":1,"featured_media":2904,"comment_status":"closed","ping_status":"open","sticky":false,"template":"","format":"standard","meta":{"footnotes":""},"categories":[40],"tags":[54,50],"class_list":["post-2951","post","type-post","status-publish","format-standard","has-post-thumbnail","hentry","category-reculldepremsa","tag-llibre-som-digitals","tag-xantal-llavina"],"aioseo_notices":[],"_links":{"self":[{"href":"https:\/\/xantalllavina.com\/index.php?rest_route=\/wp\/v2\/posts\/2951","targetHints":{"allow":["GET"]}}],"collection":[{"href":"https:\/\/xantalllavina.com\/index.php?rest_route=\/wp\/v2\/posts"}],"about":[{"href":"https:\/\/xantalllavina.com\/index.php?rest_route=\/wp\/v2\/types\/post"}],"author":[{"embeddable":true,"href":"https:\/\/xantalllavina.com\/index.php?rest_route=\/wp\/v2\/users\/1"}],"replies":[{"embeddable":true,"href":"https:\/\/xantalllavina.com\/index.php?rest_route=%2Fwp%2Fv2%2Fcomments&post=2951"}],"version-history":[{"count":4,"href":"https:\/\/xantalllavina.com\/index.php?rest_route=\/wp\/v2\/posts\/2951\/revisions"}],"predecessor-version":[{"id":2955,"href":"https:\/\/xantalllavina.com\/index.php?rest_route=\/wp\/v2\/posts\/2951\/revisions\/2955"}],"wp:featuredmedia":[{"embeddable":true,"href":"https:\/\/xantalllavina.com\/index.php?rest_route=\/wp\/v2\/media\/2904"}],"wp:attachment":[{"href":"https:\/\/xantalllavina.com\/index.php?rest_route=%2Fwp%2Fv2%2Fmedia&parent=2951"}],"wp:term":[{"taxonomy":"category","embeddable":true,"href":"https:\/\/xantalllavina.com\/index.php?rest_route=%2Fwp%2Fv2%2Fcategories&post=2951"},{"taxonomy":"post_tag","embeddable":true,"href":"https:\/\/xantalllavina.com\/index.php?rest_route=%2Fwp%2Fv2%2Ftags&post=2951"}],"curies":[{"name":"wp","href":"https:\/\/api.w.org\/{rel}","templated":true}]}}