{"id":3311,"date":"2024-04-07T08:08:33","date_gmt":"2024-04-07T08:08:33","guid":{"rendered":"https:\/\/www.educamadrid.net\/wp\/?p=3311"},"modified":"2024-09-01T09:37:20","modified_gmt":"2024-09-01T09:37:20","slug":"europadigital-una-serie-de-videos-sobre-els-principals-reptes-de-la-digitalitzacio-a-la-ue","status":"publish","type":"post","link":"https:\/\/xantalllavina.com\/?p=3311","title":{"rendered":"#EuropaDigital: una s\u00e8rie de v\u00eddeos sobre els principals reptes de la digitalitzaci\u00f3 a la UE"},"content":{"rendered":"<h3>La Representaci\u00f3 de la Comissi\u00f3 Europea a Barcelona estrena <b>#EuropaDigital<\/b>, una s\u00e8rie de v\u00eddeos presentats per la periodista Xantal Llavina que abordaran els temes clau de la revoluci\u00f3 digital a Europa.<\/h3>\n<p>&nbsp;<\/p>\n<p>La digitalitzaci\u00f3 \u00e9s una de les principals prioritats de la Comissi\u00f3 Europea conjuntament amb el Pacte verd europeu i l\u2019una no es pot entendre sense l\u2019altra. La tecnologia digital est\u00e0 canviat les nostres vides i l\u2019estrat\u00e8gia digital de la UE se centra en aconseguir que aquesta transformaci\u00f3 sigui \u00fatil per a les persones i les empreses al mateix temps que contribueixi a assolir l\u2019objectiu d\u2019una Europa clim\u00e0ticament neutra d\u2019aqu\u00ed al 2050.<\/p>\n<p>La Comissi\u00f3 Europea est\u00e0 decidida a aconseguir que aquesta sigui la \u201cD\u00e8cada digital\u201d per consolidar la seva sobirania digital i establir les pr\u00f2pies normes centrant-se, sobretot, en les dades, la tecnologia i la infraestructura.<\/p>\n<p>En aquest context, la Representaci\u00f3 de la Comissi\u00f3 Europea a Barcelona ha elaborat, juntament amb la periodista Xantal Llavina, presentadora del programa <i>Revoluci\u00f3 4.0<\/i> de Catalunya R\u00e0dio i TV3, una s\u00e8rie de quatre v\u00eddeos sobre alguns dels aspectes clau de la revoluci\u00f3 digital a Europa com ara la intel\u00b7lig\u00e8ncia artificial, la supercomputaci\u00f3, la desinformaci\u00f3 i la protecci\u00f3 de dades.<\/p>\n<p>Aquest dilluns s\u2019ha presentat el primer dels quatre v\u00eddeos en el qual, Llavina entrevista al director de l\u2019Institut d\u2019Investigaci\u00f3 en Intel\u00b7lig\u00e8ncia Artificial, Ramon L\u00f3pez de M\u00e1ntaras. Cada mes es presentar\u00e0 un v\u00eddeo diferent que podreu trobar en <a class=\"ext\" href=\"https:\/\/www.youtube.com\/watch?v=UG9iWFqzKeo\">aquest enlla\u00e7<span class=\"ext\"><span class=\"element-invisible\"> (link is external)<\/span><\/span><\/a>.<\/p>\n<p>&nbsp;<\/p>\n<a href=\"https:\/\/ec.europa.eu\/spain\/barcelona\/news\/europadigital-una-s%C3%A8rie-de-v%C3%ADdeos-sobre-els-principals-reptes-de-la-digitalitzaci%C3%B3-la-ue_ca\" target=\"_blank\"  class=\"qbutton \" style=\"\">llegir l'entrevista<\/a>\n","protected":false},"excerpt":{"rendered":"<p>La Representaci\u00f3 de la Comissi\u00f3 Europea a Barcelona estrena #EuropaDigital, una s\u00e8rie de v\u00eddeos presentats per la periodista Xantal Llavina que abordaran els temes clau de la revoluci\u00f3 digital a Europa. &nbsp; La digitalitzaci\u00f3 \u00e9s una de les principals prioritats de la Comissi\u00f3 Europea conjuntament&#8230;<\/p>\n","protected":false},"author":1,"featured_media":3315,"comment_status":"closed","ping_status":"open","sticky":false,"template":"","format":"standard","meta":{"footnotes":""},"categories":[36],"tags":[],"class_list":["post-3311","post","type-post","status-publish","format-standard","has-post-thumbnail","hentry","category-esdeveniments"],"aioseo_notices":[],"_links":{"self":[{"href":"https:\/\/xantalllavina.com\/index.php?rest_route=\/wp\/v2\/posts\/3311","targetHints":{"allow":["GET"]}}],"collection":[{"href":"https:\/\/xantalllavina.com\/index.php?rest_route=\/wp\/v2\/posts"}],"about":[{"href":"https:\/\/xantalllavina.com\/index.php?rest_route=\/wp\/v2\/types\/post"}],"author":[{"embeddable":true,"href":"https:\/\/xantalllavina.com\/index.php?rest_route=\/wp\/v2\/users\/1"}],"replies":[{"embeddable":true,"href":"https:\/\/xantalllavina.com\/index.php?rest_route=%2Fwp%2Fv2%2Fcomments&post=3311"}],"version-history":[{"count":1,"href":"https:\/\/xantalllavina.com\/index.php?rest_route=\/wp\/v2\/posts\/3311\/revisions"}],"predecessor-version":[{"id":3312,"href":"https:\/\/xantalllavina.com\/index.php?rest_route=\/wp\/v2\/posts\/3311\/revisions\/3312"}],"wp:featuredmedia":[{"embeddable":true,"href":"https:\/\/xantalllavina.com\/index.php?rest_route=\/wp\/v2\/media\/3315"}],"wp:attachment":[{"href":"https:\/\/xantalllavina.com\/index.php?rest_route=%2Fwp%2Fv2%2Fmedia&parent=3311"}],"wp:term":[{"taxonomy":"category","embeddable":true,"href":"https:\/\/xantalllavina.com\/index.php?rest_route=%2Fwp%2Fv2%2Fcategories&post=3311"},{"taxonomy":"post_tag","embeddable":true,"href":"https:\/\/xantalllavina.com\/index.php?rest_route=%2Fwp%2Fv2%2Ftags&post=3311"}],"curies":[{"name":"wp","href":"https:\/\/api.w.org\/{rel}","templated":true}]}}