{"id":3448,"date":"2021-07-28T10:16:35","date_gmt":"2021-07-28T10:16:35","guid":{"rendered":"https:\/\/www.educamadrid.net\/wp\/?p=3448"},"modified":"2021-07-30T09:07:13","modified_gmt":"2021-07-30T09:07:13","slug":"tv3-estrena-la-nova-temporada-de-revolucio-4-0-presentat-per-xantal-llavina","status":"publish","type":"post","link":"https:\/\/xantalllavina.com\/?p=3448","title":{"rendered":"TV3 estrena la nova temporada de Revoluci\u00f3 4.0 presentat per Xantal Llavina"},"content":{"rendered":"<h3>La presentadora de f\u00f2rums i debats de l&#8217;ACPC<\/h3>\n<p>El diumenge 1 d\u2019agost, a les 22.05, TV3 estrena la tercera temporada de \u201c<strong>Revoluci\u00f3 4.0<\/strong>\u201d, una producci\u00f3 de TV3 en col\u00b7laboraci\u00f3 amb El Terrat (The Mediapro Studio) que presenta la periodista\u00a0<strong>Xantal Llavina<\/strong>,<strong>\u00a0tamb\u00e9 col\u00b7laboradora de l&#8217;ACPC moderant diversos\u00a0f\u00f2rums i\u00a0debats.<\/strong><\/p>\n<p>En cada nou cap\u00edtol, el programa es preguntar\u00e0 sobre com ser\u00e0 el m\u00f3n de dem\u00e0 en cinc \u00e0mbits que preocupen la societat: teletreball, economia, valors socials, h\u00e0bits de consum i salut. Per aprofundir en aquests temes cada episodi comptar\u00e0 amb un convidat central i amb experts a l\u2019\u00e0gora de debat.<\/p>\n<p>El c\u00f2mic i productor Andreu Buenafuente ser\u00e0 el convidat de Xantal Llavina en el primer episodi. Els altres convidats de la nova temporada de \u201cRevoluci\u00f3 4,0\u201d seran el president del Bar\u00e7a Joan Laporta; l\u2019actor Jordi S\u00e1nchez; l\u2019economista Santiago Ni\u00f1o Becerra; el cuiner Nandu Jubany i l\u2019actriu Itziar Castro.<\/p>\n<p>\u201cRevoluci\u00f3 4.0\u201d, el programa d\u2019emprenedors i transformaci\u00f3 digital que dirigeix i presenta la periodista Xantal Llavina a Catalunya R\u00e0dio des del febrer del 2017 i que va estrenar la versi\u00f3 televisiva el maig del 2019, torna a TV3 el diumenge 1 d\u2019agost, a les 22.05.<\/p>\n<p dir=\"ltr\"><strong>Les claus i els protagonistes de la tercera temporada<\/strong><\/p>\n<p>La pand\u00e8mia del coronavirus ha fet avan\u00e7ar cinc anys la revoluci\u00f3 digital. Per\u00f2, ara que la societat est\u00e0 m\u00e9s digitalitzada que mai, ha sorgit la necessitat de preguntar-se com ser\u00e0 el m\u00f3n de dem\u00e0 en temes que preocupen la societat.<\/p>\n<p>El programa es preguntar\u00e0 sobre com ser\u00e0 el m\u00f3n de dem\u00e0 en teletreball i educaci\u00f3. El teletreball ha vingut per quedar-se per sempre? Quins avantatges i inconvenients t\u00e9? Ens a\u00eflla socialment o permet la conciliaci\u00f3 familiar? Estem formats per les anomenades feines del futur? Xantal Llavina en parlar\u00e0 amb el c\u00f2mic i productor Andreu Buenafuente.<\/p>\n<p>I mentre vivim una crisi econ\u00f2mica sense precedents ens preguntem com arriba molta gent a final de mes? Quins valors han de tornar a la societat? \u201cRevoluci\u00f3 4.0\u201d parlar\u00e0 de valors i lideratge amb el president del FC Barcelona, Joan Laporta.<\/p>\n<p>Amb la pand\u00e8mia i la creaci\u00f3 de la vacuna per a la Covid-19, la revoluci\u00f3 digital de la salut tamb\u00e9 s\u2019ha disparat, juntament amb altres camps com el de la rob\u00f2tica o la intel\u00b7lig\u00e8ncia artificial. El programa es pregunta com ser\u00e0 el m\u00f3n de dem\u00e0 en salut i entrevistar\u00e0 l\u2019actor Jordi S\u00e1nchez, amb qui parlar\u00e0 dels 24 dies que va passar a l\u2019UCI.<\/p>\n<p>Tamb\u00e9 s\u2019abordar\u00e0 el sector del turisme, un dels m\u00e9s afectats per la pand\u00e8mia, i es parlar\u00e0 d\u2019economia. Quan s\u2019acabar\u00e0 la crisi econ\u00f2mica provocada per la pand\u00e8mia? Queda clar que s\u2019ha de pensar en un m\u00f3n de dem\u00e0 m\u00e9s sostenible i igualitari. Xantal Llavina en parlar\u00e0 amb el catedr\u00e0tic d\u2019Economia Santiago Ni\u00f1o-Becerra i el cuiner Nandu Jubany.<\/p>\n<p dir=\"ltr\"><strong>D\u2019altra banda, la pand\u00e8mia de la Covid-19 ha fet cr\u00e9ixer com mai les compres per internet. Com ser\u00e0 el m\u00f3n de dem\u00e0 pel que fa als h\u00e0bits de consum? El comer\u00e7 electr\u00f2nic o e-commerce ha vingut per quedar-se? Com se\u2019n veu afectat el petit comer\u00e7? L\u2019actriu i influencer Itziar Castro parlar\u00e0 de la seva traject\u00f2ria i de la seva relaci\u00f3 amb les xarxes socials.<\/strong><\/p>\n<p><strong>El format<\/strong><\/p>\n<p>Els cinc cap\u00edtols d\u2019aquesta nova temporada seran m\u00e9s socials i menys tecnol\u00f2gics. \u201cRevoluci\u00f3 4.0\u201d agafa un to m\u00e9s personal i d\u2019autor a partir de l\u2019entrevista a un convidat central, enregistrada en espais com l\u2019estadi Johan Cruyff, el recinte modernista de l\u2019Hospital de Sant Pau o la terrassa de l\u2019edifici Imagina.<\/p>\n<p>Els temes que vagin apareixent durant l\u2019entrevista es traslladaran a l\u2019\u00c0gora, un espai de debat en qu\u00e8 Xantal Llavina moderar\u00e0 un col\u00b7loqui amb diversos participants que buscar\u00e0 refor\u00e7ar l\u2019entreteniment sense perdre de vista la divulgaci\u00f3 i les emocions. Casa terrat, la nova seu de la productora El Terrat, al carrer Casp, un espai polivalent que pot funcionar com a plat\u00f3 de televisi\u00f3, acollir\u00e0 l\u2019\u00e0gora de debat de la tercera temporada de \u201cRevoluci\u00f3 4.0\u201d.<\/p>\n<p>El programa tamb\u00e9 traslladar\u00e0 la conversa a les xarxes socials i es podr\u00e0 seguir a trav\u00e9s de Twitter, Facebook i Instagram amb l\u2019etiqueta <strong>#Revoluci\u00f3TV3.<\/strong><\/p>\n","protected":false},"excerpt":{"rendered":"<p>La presentadora de f\u00f2rums i debats de l&#8217;ACPC El diumenge 1 d\u2019agost, a les 22.05, TV3 estrena la tercera temporada de \u201cRevoluci\u00f3 4.0\u201d, una producci\u00f3 de TV3 en col\u00b7laboraci\u00f3 amb El Terrat (The Mediapro Studio) que presenta la periodista\u00a0Xantal Llavina,\u00a0tamb\u00e9 col\u00b7laboradora de l&#8217;ACPC moderant diversos\u00a0f\u00f2rums&#8230;<\/p>\n","protected":false},"author":1,"featured_media":3449,"comment_status":"closed","ping_status":"open","sticky":false,"template":"","format":"standard","meta":{"footnotes":""},"categories":[62,11],"tags":[67,65,48,50],"class_list":["post-3448","post","type-post","status-publish","format-standard","has-post-thumbnail","hentry","category-revoluciotv3-3a","category-televisio","tag-revolucio-4-0","tag-revolucio-4-0-tv3","tag-revolucio-tv3","tag-xantal-llavina"],"aioseo_notices":[],"_links":{"self":[{"href":"https:\/\/xantalllavina.com\/index.php?rest_route=\/wp\/v2\/posts\/3448","targetHints":{"allow":["GET"]}}],"collection":[{"href":"https:\/\/xantalllavina.com\/index.php?rest_route=\/wp\/v2\/posts"}],"about":[{"href":"https:\/\/xantalllavina.com\/index.php?rest_route=\/wp\/v2\/types\/post"}],"author":[{"embeddable":true,"href":"https:\/\/xantalllavina.com\/index.php?rest_route=\/wp\/v2\/users\/1"}],"replies":[{"embeddable":true,"href":"https:\/\/xantalllavina.com\/index.php?rest_route=%2Fwp%2Fv2%2Fcomments&post=3448"}],"version-history":[{"count":1,"href":"https:\/\/xantalllavina.com\/index.php?rest_route=\/wp\/v2\/posts\/3448\/revisions"}],"predecessor-version":[{"id":3450,"href":"https:\/\/xantalllavina.com\/index.php?rest_route=\/wp\/v2\/posts\/3448\/revisions\/3450"}],"wp:featuredmedia":[{"embeddable":true,"href":"https:\/\/xantalllavina.com\/index.php?rest_route=\/wp\/v2\/media\/3449"}],"wp:attachment":[{"href":"https:\/\/xantalllavina.com\/index.php?rest_route=%2Fwp%2Fv2%2Fmedia&parent=3448"}],"wp:term":[{"taxonomy":"category","embeddable":true,"href":"https:\/\/xantalllavina.com\/index.php?rest_route=%2Fwp%2Fv2%2Fcategories&post=3448"},{"taxonomy":"post_tag","embeddable":true,"href":"https:\/\/xantalllavina.com\/index.php?rest_route=%2Fwp%2Fv2%2Ftags&post=3448"}],"curies":[{"name":"wp","href":"https:\/\/api.w.org\/{rel}","templated":true}]}}