{"id":3451,"date":"2021-07-29T12:11:01","date_gmt":"2021-07-29T12:11:01","guid":{"rendered":"https:\/\/www.educamadrid.net\/wp\/?p=3451"},"modified":"2021-08-15T06:46:46","modified_gmt":"2021-08-15T06:46:46","slug":"com-sera-el-mon-de-dema-torna-revolucio-4-0","status":"publish","type":"post","link":"https:\/\/xantalllavina.com\/?p=3451","title":{"rendered":"Com ser\u00e0 el m\u00f3n de dem\u00e0? Torna \u00abRevoluci\u00f3 4.0\u00bb"},"content":{"rendered":"<h2 class=\"entradeta\">Nova temporada i noves preguntes sobre com ser\u00e0 el m\u00f3n de dem\u00e0 en cinc \u00e0mbits que preocupen la societat: teletreball, economia, valors socials, h\u00e0bits de consum i salut. Andreu Buenafuente ser\u00e0 el primer convidat de \u00abRevoluci\u00f3 4.0\u00bb<\/h2>\n<p>La pand\u00e8mia del coronavirus ha fet avan\u00e7ar cinc anys la revoluci\u00f3 digital. Per\u00f2, ara que la societat est\u00e0 m\u00e9s digitalitzada que mai, ha sorgit la necessitat de preguntar-se com ser\u00e0 el m\u00f3n de dem\u00e0 en temes que preocupen la societat: teletreball, economia, valors socials, h\u00e0bits de consum i salut.<\/p>\n<p>Per aprofundir en aquests \u00e0mbits, cada episodi tindr\u00e0 un convidat central i experts a l&#8217;\u00e0gora de debat. Entre altres, comptar\u00e0 amb la participaci\u00f3 del c\u00f2mic i productor <a href=\"https:\/\/andreubuenafuente.com\/\" target=\"_blank\" rel=\"noopener noreferrer\">Andreu Buenafuente<\/a>; el president del Bar\u00e7a <a href=\"https:\/\/twitter.com\/search?q=joan+laporta\" target=\"_blank\" rel=\"noopener noreferrer\">Joan Laporta<\/a>; l&#8217;actor <a href=\"https:\/\/www.instagram.com\/jordisanchez_actor\/\" target=\"_blank\" rel=\"noopener noreferrer\">Jordi S\u00e1nchez<\/a>; l&#8217;economista <a href=\"https:\/\/twitter.com\/sninobecerra\" target=\"_blank\" rel=\"noopener noreferrer\">Santiago Ni\u00f1o-Becerra<\/a>; el cuiner <a href=\"https:\/\/canjubany.com\/\" target=\"_blank\" rel=\"noopener noreferrer\">Nandu Jubany<\/a> i l&#8217;actriu <a href=\"https:\/\/www.instagram.com\/itziarcastro\/\" target=\"_blank\" rel=\"noopener noreferrer\">Itziar Castro<\/a>.<\/p>\n<p><strong>Primer cap\u00edtol, amb Andreu Buenafuente: \u00abEl m\u00e9s extraordinari de la meva carrera ha estat fer TV des de casa\u00bb<\/strong><\/p>\n<p>La Covid-19 ha impulsat com mai el teletreball per mantenir els llocs de treball. El 32% dels empleats poden fer treball en remot, una pr\u00e0ctica relativament minorit\u00e0ria abans de la pand\u00e8mia. Per\u00f2, <strong>estem preparats per al teletreball? Quins avantatges i inconvenients t\u00e9?<\/strong> A m\u00e9s a m\u00e9s, la pand\u00e8mia ha suposat que molta gent es quedi sense feina i hagi d&#8217;emprendre un negoci nou o una altra professi\u00f3. Aix\u00f2, mentre es viu un abans i un despr\u00e9s en l&#8217;educaci\u00f3, que evoluciona cap a un model m\u00e9s virtual.<\/p>\n<p>Al primer cap\u00edtol de la nova temporada, <a href=\"https:\/\/www.instagram.com\/xantal_llavina\/\" target=\"_blank\" rel=\"noopener noreferrer\">Xantal Llavina<\/a> parla amb<strong> Andreu Buenafuente <\/strong>d&#8217;aquests temes i de la seva vida i traject\u00f2ria professional. El c\u00f2mic i productor afirma que la revoluci\u00f3 digital va sola, per\u00f2 que l&#8217;emocional l&#8217;han de fer les persones, i confessa, entre altres coses, que fer televisi\u00f3 des de casa ha estat el m\u00e9s extraordinari de la seva carrera i que li sembla que no es jubilar\u00e0 mai.<\/p>\n<p>El programa tamb\u00e9 comptar\u00e0 amb la participaci\u00f3, a l&#8217;\u00c0gora, del periodista i cap de redacci\u00f3 d&#8217;El Pa\u00eds <strong>Ramon Besa<\/strong>, l&#8217;exjugador de b\u00e0squet del Bar\u00e7a i ara empresari <strong>Ferran Mart\u00ednez<\/strong>, la periodista i escriptora <strong>Empar Moline<\/strong>r, l&#8217;activista <strong>Simona Levi<\/strong> i el consultor i divulgador <strong>Albert Ca\u00f1igueral<\/strong>, autor del llibre \u00abEl trabajo ya no es lo que era\u00bb, entre d&#8217;altres.<\/p>\n<p>&nbsp;<\/p>\n<a href=\"https:\/\/www.ccma.cat\/tv3\/revolucio\/com-sera-el-mon-de-dema-torna-revolucio-40\/noticia\/3111485\/\" target=\"_blank\"  class=\"qbutton \" style=\"\">Veure m\u00e9s<\/a>\n","protected":false},"excerpt":{"rendered":"<p>Nova temporada i noves preguntes sobre com ser\u00e0 el m\u00f3n de dem\u00e0 en cinc \u00e0mbits que preocupen la societat: teletreball, economia, valors socials, h\u00e0bits de consum i salut. Andreu Buenafuente ser\u00e0 el primer convidat de \u00abRevoluci\u00f3 4.0\u00bb La pand\u00e8mia del coronavirus ha fet avan\u00e7ar cinc&#8230;<\/p>\n","protected":false},"author":1,"featured_media":3454,"comment_status":"closed","ping_status":"open","sticky":false,"template":"","format":"standard","meta":{"footnotes":""},"categories":[40,62,16],"tags":[65,48,52,50],"class_list":["post-3451","post","type-post","status-publish","format-standard","has-post-thumbnail","hentry","category-reculldepremsa","category-revoluciotv3-3a","category-tv3","tag-revolucio-4-0-tv3","tag-revolucio-tv3","tag-revolucio4-0","tag-xantal-llavina"],"aioseo_notices":[],"_links":{"self":[{"href":"https:\/\/xantalllavina.com\/index.php?rest_route=\/wp\/v2\/posts\/3451","targetHints":{"allow":["GET"]}}],"collection":[{"href":"https:\/\/xantalllavina.com\/index.php?rest_route=\/wp\/v2\/posts"}],"about":[{"href":"https:\/\/xantalllavina.com\/index.php?rest_route=\/wp\/v2\/types\/post"}],"author":[{"embeddable":true,"href":"https:\/\/xantalllavina.com\/index.php?rest_route=\/wp\/v2\/users\/1"}],"replies":[{"embeddable":true,"href":"https:\/\/xantalllavina.com\/index.php?rest_route=%2Fwp%2Fv2%2Fcomments&post=3451"}],"version-history":[{"count":1,"href":"https:\/\/xantalllavina.com\/index.php?rest_route=\/wp\/v2\/posts\/3451\/revisions"}],"predecessor-version":[{"id":3455,"href":"https:\/\/xantalllavina.com\/index.php?rest_route=\/wp\/v2\/posts\/3451\/revisions\/3455"}],"wp:featuredmedia":[{"embeddable":true,"href":"https:\/\/xantalllavina.com\/index.php?rest_route=\/wp\/v2\/media\/3454"}],"wp:attachment":[{"href":"https:\/\/xantalllavina.com\/index.php?rest_route=%2Fwp%2Fv2%2Fmedia&parent=3451"}],"wp:term":[{"taxonomy":"category","embeddable":true,"href":"https:\/\/xantalllavina.com\/index.php?rest_route=%2Fwp%2Fv2%2Fcategories&post=3451"},{"taxonomy":"post_tag","embeddable":true,"href":"https:\/\/xantalllavina.com\/index.php?rest_route=%2Fwp%2Fv2%2Ftags&post=3451"}],"curies":[{"name":"wp","href":"https:\/\/api.w.org\/{rel}","templated":true}]}}