{"id":3478,"date":"2024-03-08T08:02:48","date_gmt":"2024-03-08T08:02:48","guid":{"rendered":"https:\/\/www.educamadrid.net\/wp\/?p=3478"},"modified":"2024-09-01T09:37:08","modified_gmt":"2024-09-01T09:37:08","slug":"la-proteccio-de-dades-a-la-ue-europadigital-amb-xantal-llavina","status":"publish","type":"post","link":"https:\/\/xantalllavina.com\/?p=3478","title":{"rendered":"La protecci\u00f3 de dades a la UE | #EUROPADIGITAL, amb Xantal Llavina"},"content":{"rendered":"<p><a href=\"https:\/\/www.youtube.com\/watch?v=PXmBUBoaKA8&amp;list=PLHApSKIXzErLn5_dVIICbMnD0BSuHFE_F&amp;index=3\">https:\/\/www.youtube.com\/watch?v=PXmBUBoaKA8&amp;list=PLHApSKIXzErLn5_dVIICbMnD0BSuHFE_F&amp;index=3<\/a><\/p>\n<p>La digitalitzaci\u00f3 \u00e9s una de les principals prioritats de la Comissi\u00f3 Europea. Aquesta transici\u00f3 ha de garantir al mateix temps que es respecta la privacitat dels ciutadans. Per aquest motiu, des del 2018, s&#8217;aplica el Reglament General de Protecci\u00f3 de Dades. Xantal Llavina parla de dades i de la seva protecci\u00f3 amb Simona Levi, activista i directora del postgrau de Tecnopol\u00edtica i Drets en l&#8217;era digital, i fundadora de la plataforma XNet.<\/p>\n","protected":false},"excerpt":{"rendered":"<p>https:\/\/www.youtube.com\/watch?v=PXmBUBoaKA8&amp;list=PLHApSKIXzErLn5_dVIICbMnD0BSuHFE_F&amp;index=3 La digitalitzaci\u00f3 \u00e9s una de les principals prioritats de la Comissi\u00f3 Europea. Aquesta transici\u00f3 ha de garantir al mateix temps que es respecta la privacitat dels ciutadans. Per aquest motiu, des del 2018, s&#8217;aplica el Reglament General de Protecci\u00f3 de Dades. Xantal Llavina parla&#8230;<\/p>\n","protected":false},"author":1,"featured_media":3315,"comment_status":"closed","ping_status":"open","sticky":false,"template":"","format":"standard","meta":{"footnotes":""},"categories":[36],"tags":[73,77,75,50],"class_list":["post-3478","post","type-post","status-publish","format-standard","has-post-thumbnail","hentry","category-esdeveniments","tag-europadigital","tag-comissio-europea","tag-simona-levi","tag-xantal-llavina"],"aioseo_notices":[],"_links":{"self":[{"href":"https:\/\/xantalllavina.com\/index.php?rest_route=\/wp\/v2\/posts\/3478","targetHints":{"allow":["GET"]}}],"collection":[{"href":"https:\/\/xantalllavina.com\/index.php?rest_route=\/wp\/v2\/posts"}],"about":[{"href":"https:\/\/xantalllavina.com\/index.php?rest_route=\/wp\/v2\/types\/post"}],"author":[{"embeddable":true,"href":"https:\/\/xantalllavina.com\/index.php?rest_route=\/wp\/v2\/users\/1"}],"replies":[{"embeddable":true,"href":"https:\/\/xantalllavina.com\/index.php?rest_route=%2Fwp%2Fv2%2Fcomments&post=3478"}],"version-history":[{"count":1,"href":"https:\/\/xantalllavina.com\/index.php?rest_route=\/wp\/v2\/posts\/3478\/revisions"}],"predecessor-version":[{"id":3479,"href":"https:\/\/xantalllavina.com\/index.php?rest_route=\/wp\/v2\/posts\/3478\/revisions\/3479"}],"wp:featuredmedia":[{"embeddable":true,"href":"https:\/\/xantalllavina.com\/index.php?rest_route=\/wp\/v2\/media\/3315"}],"wp:attachment":[{"href":"https:\/\/xantalllavina.com\/index.php?rest_route=%2Fwp%2Fv2%2Fmedia&parent=3478"}],"wp:term":[{"taxonomy":"category","embeddable":true,"href":"https:\/\/xantalllavina.com\/index.php?rest_route=%2Fwp%2Fv2%2Fcategories&post=3478"},{"taxonomy":"post_tag","embeddable":true,"href":"https:\/\/xantalllavina.com\/index.php?rest_route=%2Fwp%2Fv2%2Ftags&post=3478"}],"curies":[{"name":"wp","href":"https:\/\/api.w.org\/{rel}","templated":true}]}}