{"id":3493,"date":"2021-08-29T15:30:55","date_gmt":"2021-08-29T15:30:55","guid":{"rendered":"https:\/\/www.educamadrid.net\/wp\/?p=3493"},"modified":"2021-08-29T15:30:55","modified_gmt":"2021-08-29T15:30:55","slug":"jordi-sanchez-i-bonaventura-clotet-a-revolucio-4-0","status":"publish","type":"post","link":"https:\/\/xantalllavina.com\/?p=3493","title":{"rendered":"Jordi S\u00e1nchez i Bonaventura Clotet, a \u00abRevoluci\u00f3 4.0\u00bb"},"content":{"rendered":"<article class=\"M-itemNoti T-alacartaTema\">\n<header class=\"R-itemNotiInfo\"><span class=\"avantitol\">DIUMENGE, A LES 22.05, A TV3<\/span><\/p>\n<h1 class=\"titol\">Jordi S\u00e1nchez i Bonaventura Clotet, a \u00abRevoluci\u00f3 4.0\u00bb<\/h1>\n<p><img decoding=\"async\" src=\"https:\/\/img.ccma.cat\/multimedia\/jpg\/3\/4\/1629836546843_670x378.jpg\" alt=\"Xantal Llavina entrevista Jordi S\u00e1nchez al recinte modernista de Sant Pau\" \/><\/p>\n<h2 class=\"entradeta\">Com ser\u00e0 el m\u00f3n de dem\u00e0 en salut? Per reflexionar-hi, Xantal Llavina entrevistar\u00e0, des del recinte modernista de l&#8217;Hospital de Sant Pau, l&#8217;actor Jordi S\u00e1nchez, que es va contagiar de Covid i va estar 24 dies ingressat a l&#8217;UCI<\/h2>\n<div class=\"wrapper-autor-data-compartir\">\n<div class=\"R-autorData noFoto  C-senseAutor\">\n<div class=\"F-autorData \"><time class=\"data\" datetime=\"2021-08-24 22:38\">24\/08\/2021 &#8211; 22.38<\/time><\/div>\n<\/div>\n<div class=\"R-rightShare\">\n<div class=\"F-addThisTop\">\n<div class=\"wrapper_M-compartir C-dreta C-neutre C-itemNoti_dosDates T-alacartaTema\">\n<div id=\"M-compartirTop\" class=\"M-compartir noGapAfter\" role=\"region\" aria-label=\"Comparteix\" data-mode=\"pu-basic\" data-titol=\"\" data-url=\"\">\n<div class=\"ico-facebook2\"><\/div>\n<\/div>\n<\/div>\n<\/div>\n<div class=\"F-permestard C-separador\">\n<div class=\"botoitem-view  view-attached\" data-tipus_contingut=\"NOT_NOTICIA\" data-idint=\"3115433\" data-nom=\"Promoci\u00f3 programaci\u00f3\" data-nom_programa=\"Revoluci\u00f3 4.0\" data-is_ru=\"\" data-caducat=\"0\">\n<div class=\"M-htmltwig-pmtard\"><\/div>\n<\/div>\n<\/div>\n<\/div>\n<\/div>\n<\/header>\n<div class=\"R-itemNotiCos\">\n<p>L&#8217;actor\u00a0<a href=\"https:\/\/twitter.com\/jordi_sz_actor?lang=ca\" target=\"_blank\" rel=\"noopener noreferrer\"><strong>Jordi S\u00e1nchez<\/strong><\/a>\u00a0\u00e9s un dels gaireb\u00e9 700.000 catalans que han tingut la Covid. Per sort, se n&#8217;ha sortit. S\u00e1nchez explica, emocionat, com va anar:\u00a0<strong>\u00abVa ser horrible viure 24 dies en coma indu\u00eft\u00bb.<\/strong>\u00a0Reivindica tamb\u00e9 la seva primera professi\u00f3, ja que abans de fer d&#8217;actor va ser infermer, i diu que al personal sanitari del pa\u00eds cal apujar-li el sou: \u00abAquest seria el millor homenatge per a ells\u00bb. Tamb\u00e9 relata la gran angoixa que va viure la seva fam\u00edlia quan ell estava en coma i ens explica: \u00abCreia que havia mort tota la meva fam\u00edlia\u00bb. Tamb\u00e9 diu que ara el que fa amb la seva vida \u00e9s comprar com m\u00e9s temps millor.<\/p>\n<figure class=\"imatge\"><img decoding=\"async\" class=\"CKEditorImageContainer_670x378\" src=\"https:\/\/img.ccma.cat\/multimedia\/jpg\/6\/8\/1629836844786_670.jpg\" alt=\"El doctor Bonaventura Clot, a 'Revoluci\u00f3 4.0'\" \/><figcaption>El doctor Bonaventura Clot, a &#8216;Revoluci\u00f3 4.0&#8217;<\/figcaption><\/figure>\n<p>En el debat posterior, amb\u00a0<strong>vuit experts<\/strong>, parlarem de la salut en aquesta pand\u00e8mia, que encara vivim, i ens preguntarem\u00a0<strong>per qu\u00e8 hi ha hagut casos de gent que, tot i estar vacunada, ha hagut d&#8217;ingressar a l&#8217;UCI<\/strong>. S\u00f3n casos excepcionals, o caldr\u00e0 revacunar-nos l&#8217;hivern que ve? El doctor Bonaventura Clotet, un dels convidats, avan\u00e7ar\u00e0 que la paraula revacunaci\u00f3 ser\u00e0 protagonista a partir de setembre.<\/p>\n<p>La crisi de la Covid-19 ha propulsat\u00a0<strong>grans progressos en recerca i tecnologia<\/strong>: s&#8217;ha creat una vacuna contra el coronavirus en un temps de r\u00e8cord hist\u00f2ric, i aven\u00e7os com la telemedicina ja no s\u00f3n avui en dia una q\u00fcesti\u00f3 de comoditat per al pacient, sin\u00f3 tamb\u00e9 de superviv\u00e8ncia per al mateix metge, i el 80% de les consultes es podrien resoldre sense necessitat de ser presencials gr\u00e0cies a la<strong>\u00a0revoluci\u00f3 digital<\/strong>.<\/p>\n<p>Parlarem de tots aquests reptes que ens afecten a tots com a societat amb la participaci\u00f3 a l&#8217;\u00e0gora de:\u00a0<a href=\"https:\/\/www.google.com\/url?sa=t&amp;rct=j&amp;q=&amp;esrc=s&amp;source=web&amp;cd=&amp;cad=rja&amp;uact=8&amp;ved=2ahUKEwi3hNq8tcryAhWPkxQKHZ2RBR0QFnoECAIQAQ&amp;url=https%3A%2F%2Fca.wikipedia.org%2Fwiki%2FBonaventura_Clotet_i_Sala&amp;usg=AOvVaw208y4W07w32l6Cb55Wzuex\" target=\"_blank\" rel=\"noopener noreferrer\"><strong>el dr. Bonaventura Clotet<\/strong><\/a>, cap del Servei de Malalties Infeccioses de l&#8217;Hospital Germans Trias; el f\u00edsic\u00a0<a href=\"https:\/\/www.google.com\/url?sa=t&amp;rct=j&amp;q=&amp;esrc=s&amp;source=web&amp;cd=&amp;cad=rja&amp;uact=8&amp;ved=2ahUKEwiJk_7atcryAhXT8eAKHY0UBg8QFnoECAcQAw&amp;url=https%3A%2F%2Ftwitter.com%2F_alexarenas%3Flang%3Dca&amp;usg=AOvVaw1EAMY0EcoXvaliPj6BU2eo\" target=\"_blank\" rel=\"noopener noreferrer\"><strong>\u00c0lex Arenas<\/strong><\/a>; la\u00a0<a href=\"https:\/\/www.google.com\/url?sa=t&amp;rct=j&amp;q=&amp;esrc=s&amp;source=web&amp;cd=&amp;cad=rja&amp;uact=8&amp;ved=2ahUKEwiL6-XmtcryAhVK5eAKHXLJCh4QFnoECAcQAQ&amp;url=https%3A%2F%2Fwww.guttmann.com%2Fes%2Fequipo%2Fdra-montserrat-bernabeu-guitart&amp;usg=AOvVaw2Ft-STdfP1PE7aLvJ8Wxom\" target=\"_blank\" rel=\"noopener noreferrer\">dra. Montserrat Bernabeu<\/a>, cap de la Unitat de Dany Cerebral de l&#8217;Institut Guttmann;\u00a0<a href=\"https:\/\/www.google.com\/url?sa=t&amp;rct=j&amp;q=&amp;esrc=s&amp;source=web&amp;cd=&amp;cad=rja&amp;uact=8&amp;ved=2ahUKEwio9M7ytcryAhXM5-AKHbs1BB0QFnoECAMQAQ&amp;url=https%3A%2F%2Ftwitter.com%2Fgemmavia%3Flang%3Dca&amp;usg=AOvVaw1IiHozdE2VGX5r0EnHTc6f\" target=\"_blank\" rel=\"noopener noreferrer\"><strong>Gemma Via<\/strong><\/a>, infermera de l&#8217;Hospital de Bellvitge, i\u00a0<a href=\"https:\/\/www.google.com\/url?sa=t&amp;rct=j&amp;q=&amp;esrc=s&amp;source=web&amp;cd=&amp;cad=rja&amp;uact=8&amp;ved=2ahUKEwjk57WCtsryAhVZA2MBHSmqDBwQFnoECAcQAQ&amp;url=https%3A%2F%2Ftwitter.com%2Fdaniel_arbos%3Flang%3Dca&amp;usg=AOvVaw0jTNvK49gw5iK7_NZN2DLd\" target=\"_blank\" rel=\"noopener noreferrer\"><strong>Dani Arb\u00f3s<\/strong><\/a>, cap de Comunicaci\u00f3 de l&#8217;<a href=\"https:\/\/www.clinicbarcelona.org\/ca\/idibaps\" target=\"_blank\" rel=\"noopener noreferrer\">Institut d&#8217;Investigacions Biom\u00e8diques Agust\u00ed Pi i Sunyer<\/a>, entre altres.<\/p>\n<p>L&#8217;esperan\u00e7a de vida a l&#8217;estat espanyol, atenci\u00f3!, ha baixat en gaireb\u00e9 un any i mig per culpa de la pand\u00e8mia, i al programa debatem com ser\u00e0 la salut del futur. Anem cap a un m\u00f3n amb m\u00e9s pand\u00e8mies? Tindrem una atenci\u00f3 m\u00e9s virtual? Anem cap a una medicina m\u00e9s personalitzada? El programa acaba fent un gran homenatge a les mateixes infermeres i infermers de l&#8217;Hospital de Sant Pau de Barcelona, amb un selfie sorpresa amb l&#8217;actor Jordi S\u00e1nchez, en qu\u00e8 agraeix al personal sanitari la gran feina que fan i que han fet en aquesta inacabada pand\u00e8mia.<\/p>\n<p><img decoding=\"async\" src=\"https:\/\/statics.ccma.cat\/multimedia\/jpg\/7\/4\/1627382660347.jpg\" alt=\"Jordi S\u00e0nchez, Xantal Llavina i els sanitaris, a \" \/><\/p>\n<\/div>\n<\/article>\n<div class=\"wrapper_M-compartir C-dreta C-neutre C-ambFilet gapAfter T-alacartaTema\">\n<div id=\"M-compartirBottom\" class=\"M-compartir \" role=\"region\" aria-label=\"Comparteix\" data-mode=\"pu-basic\" data-titol=\"\" data-url=\"\"><\/div>\n<\/div>\n","protected":false},"excerpt":{"rendered":"<p>DIUMENGE, A LES 22.05, A TV3 Jordi S\u00e1nchez i Bonaventura Clotet, a \u00abRevoluci\u00f3 4.0\u00bb Com ser\u00e0 el m\u00f3n de dem\u00e0 en salut? Per reflexionar-hi, Xantal Llavina entrevistar\u00e0, des del recinte modernista de l&#8217;Hospital de Sant Pau, l&#8217;actor Jordi S\u00e1nchez, que es va contagiar de Covid&#8230;<\/p>\n","protected":false},"author":1,"featured_media":3391,"comment_status":"closed","ping_status":"open","sticky":false,"template":"","format":"standard","meta":{"footnotes":""},"categories":[40,11,16],"tags":[65,50],"class_list":["post-3493","post","type-post","status-publish","format-standard","has-post-thumbnail","hentry","category-reculldepremsa","category-televisio","category-tv3","tag-revolucio-4-0-tv3","tag-xantal-llavina"],"aioseo_notices":[],"_links":{"self":[{"href":"https:\/\/xantalllavina.com\/index.php?rest_route=\/wp\/v2\/posts\/3493","targetHints":{"allow":["GET"]}}],"collection":[{"href":"https:\/\/xantalllavina.com\/index.php?rest_route=\/wp\/v2\/posts"}],"about":[{"href":"https:\/\/xantalllavina.com\/index.php?rest_route=\/wp\/v2\/types\/post"}],"author":[{"embeddable":true,"href":"https:\/\/xantalllavina.com\/index.php?rest_route=\/wp\/v2\/users\/1"}],"replies":[{"embeddable":true,"href":"https:\/\/xantalllavina.com\/index.php?rest_route=%2Fwp%2Fv2%2Fcomments&post=3493"}],"version-history":[{"count":1,"href":"https:\/\/xantalllavina.com\/index.php?rest_route=\/wp\/v2\/posts\/3493\/revisions"}],"predecessor-version":[{"id":3494,"href":"https:\/\/xantalllavina.com\/index.php?rest_route=\/wp\/v2\/posts\/3493\/revisions\/3494"}],"wp:featuredmedia":[{"embeddable":true,"href":"https:\/\/xantalllavina.com\/index.php?rest_route=\/wp\/v2\/media\/3391"}],"wp:attachment":[{"href":"https:\/\/xantalllavina.com\/index.php?rest_route=%2Fwp%2Fv2%2Fmedia&parent=3493"}],"wp:term":[{"taxonomy":"category","embeddable":true,"href":"https:\/\/xantalllavina.com\/index.php?rest_route=%2Fwp%2Fv2%2Fcategories&post=3493"},{"taxonomy":"post_tag","embeddable":true,"href":"https:\/\/xantalllavina.com\/index.php?rest_route=%2Fwp%2Fv2%2Ftags&post=3493"}],"curies":[{"name":"wp","href":"https:\/\/api.w.org\/{rel}","templated":true}]}}