{"id":4141,"date":"2022-12-21T12:34:17","date_gmt":"2022-12-21T12:34:17","guid":{"rendered":"https:\/\/www.educamadrid.net\/wp\/?p=4141"},"modified":"2024-07-23T10:23:23","modified_gmt":"2024-07-23T10:23:23","slug":"xantal-llavina-con-el-revolucio-4-0-de-tv3-ganadora-del-premio-talent-en-comunicacion-y-medios","status":"publish","type":"post","link":"https:\/\/xantalllavina.com\/?p=4141","title":{"rendered":"Xantal Llavina con el \u00abRevoluci\u00f3 4.0\u00bb, de TV3, ganadora del Premio Talent en Comunicaci\u00f3n y Medios"},"content":{"rendered":"<div class=\"entradilla\">\n<p>Xantal Llavina, periodista y divulgadora tecnol\u00f3gica, recibir\u00e1 de manos de la Fundaci\u00f3n Impulsa Talentum, el Premio Talent en Comunicaci\u00f3n y Medios, que anualmente entrega esta instituci\u00f3n a destacados comunicadores y profesionales de los medios. El premio Talent le ser\u00e1 entregado por su \u201cdestacada trayectoria en la divulgaci\u00f3n de la innovaci\u00f3n, el talento y la tecnolog\u00eda puesta al servicio de las personas con el programa Revoluci\u00f3 TV3 de la productora El Terrat\u201d tal y como indica el presidente de la fundaci\u00f3n convocante, Bru Recolons.<\/p>\n<\/div>\n<div id=\"textoNoticia\" class=\"texto\">\n<p>El galard\u00f3n le ser\u00e1 entregado en la clausura del 12\u00d712 Congress, el pr\u00f3ximo 14 de diciembre, evento que tendr\u00e1 lugar en la Antigua F\u00e1brica Damm organizado por Tert\u00falia Digital y la Generalitat de Catalunya con la colaboraci\u00f3n de la ACEC y de la C\u00e1mara de Comercio de Barcelona, \u200b\u200by cuyo objetivo es profundizar en la transformaci\u00f3n digital de la sociedad. Llavina recoger\u00e1 el galard\u00f3n acompa\u00f1ada de Jordi Pi, de TV3, y Jordi Portals, del equipo del programa Revoluci\u00f3 4.0 TV3.<\/p>\n<p>La Fundaci\u00f3n Impulsa Talentum tiene por misi\u00f3n la detecci\u00f3n, promoci\u00f3n y acompa\u00f1amiento del talento a trav\u00e9s de la divulgaci\u00f3n de programas, iniciativas y proyectos de inter\u00e9s social, que vinculen humanismo y tecnolog\u00eda. Asimismo, la Fundaci\u00f3n es la organizadora de los Premios Talent, que llegar\u00e1n este a\u00f1o a la VIII edici\u00f3n, y de actividades acad\u00e9micas como la C\u00e1tedra Impulsa Talentum, los summits de gesti\u00f3n del talento y transferencia del conocimiento en toda Catalu\u00f1a, y el Talent &amp; Knowledge Congress, que celebrar\u00e1 su pr\u00f3xima edici\u00f3n en 2023.<\/p>\n<\/div>\n<p>&nbsp;<\/p>\n<a href=\"https:\/\/www.elmundofinanciero.com\/noticia\/106445\/empresas\/xantal-llavina-con-el-revolucio-4.0-de-tv3-ganadora-del-premio-talent-en-comunicacion-y-medios.html\" target=\"_blank\"  class=\"qbutton \" style=\"\">Llegir nota de premsa<\/a>\n","protected":false},"excerpt":{"rendered":"<p>Xantal Llavina, periodista y divulgadora tecnol\u00f3gica, recibir\u00e1 de manos de la Fundaci\u00f3n Impulsa Talentum, el Premio Talent en Comunicaci\u00f3n y Medios, que anualmente entrega esta instituci\u00f3n a destacados comunicadores y profesionales de los medios. El premio Talent le ser\u00e1 entregado por su \u201cdestacada trayectoria en&#8230;<\/p>\n","protected":false},"author":1,"featured_media":3343,"comment_status":"closed","ping_status":"open","sticky":false,"template":"","format":"standard","meta":{"footnotes":""},"categories":[33,91],"tags":[],"class_list":["post-4141","post","type-post","status-publish","format-standard","has-post-thumbnail","hentry","category-premsa","category-somrevolucio-4a"],"aioseo_notices":[],"_links":{"self":[{"href":"https:\/\/xantalllavina.com\/index.php?rest_route=\/wp\/v2\/posts\/4141","targetHints":{"allow":["GET"]}}],"collection":[{"href":"https:\/\/xantalllavina.com\/index.php?rest_route=\/wp\/v2\/posts"}],"about":[{"href":"https:\/\/xantalllavina.com\/index.php?rest_route=\/wp\/v2\/types\/post"}],"author":[{"embeddable":true,"href":"https:\/\/xantalllavina.com\/index.php?rest_route=\/wp\/v2\/users\/1"}],"replies":[{"embeddable":true,"href":"https:\/\/xantalllavina.com\/index.php?rest_route=%2Fwp%2Fv2%2Fcomments&post=4141"}],"version-history":[{"count":2,"href":"https:\/\/xantalllavina.com\/index.php?rest_route=\/wp\/v2\/posts\/4141\/revisions"}],"predecessor-version":[{"id":4982,"href":"https:\/\/xantalllavina.com\/index.php?rest_route=\/wp\/v2\/posts\/4141\/revisions\/4982"}],"wp:featuredmedia":[{"embeddable":true,"href":"https:\/\/xantalllavina.com\/index.php?rest_route=\/wp\/v2\/media\/3343"}],"wp:attachment":[{"href":"https:\/\/xantalllavina.com\/index.php?rest_route=%2Fwp%2Fv2%2Fmedia&parent=4141"}],"wp:term":[{"taxonomy":"category","embeddable":true,"href":"https:\/\/xantalllavina.com\/index.php?rest_route=%2Fwp%2Fv2%2Fcategories&post=4141"},{"taxonomy":"post_tag","embeddable":true,"href":"https:\/\/xantalllavina.com\/index.php?rest_route=%2Fwp%2Fv2%2Ftags&post=4141"}],"curies":[{"name":"wp","href":"https:\/\/api.w.org\/{rel}","templated":true}]}}