{"id":5584,"date":"2025-09-23T08:59:51","date_gmt":"2025-09-23T08:59:51","guid":{"rendered":"https:\/\/xantalllavina.com\/?p=5584"},"modified":"2025-09-23T09:00:36","modified_gmt":"2025-09-23T09:00:36","slug":"ramon-gener-si-hagues-dit-que-no-a-fer-teatre-me-nhauria-penedit","status":"publish","type":"post","link":"https:\/\/xantalllavina.com\/?p=5584","title":{"rendered":"Ramon Gener: \u00abSi hagu\u00e9s dit que no a fer teatre, me n&#8217;hauria penedit\u00bb"},"content":{"rendered":"<p><span class=\"itemaudio_slashVertical__b_ZAS\">El \u00abRevoluci\u00f3 4.0\u00bb, el programa que dirigeix i presenta Xantal Llavina i que arriba aquest any a la desena temporada, comen\u00e7a amb una reflexi\u00f3 sobre la import\u00e0ncia que el factor hum\u00e0 prevalgui sempre sobre el tecnol\u00f2gic. Tamb\u00e9 s&#8217;hi entrevista dissabte el comunicador, escriptor i divulgador musical Ramon Gener, que afronta un nou repte professional: debutar com a actor de teatre a l&#8217;obra \u00abGlorious!\u00bb, dirigida per Paco Mir, de Tricicle, i en qu\u00e8 comparteix escenari amb noms com Santi Mill\u00e1n i Marta Ribera. L&#8217;obra explica la hist\u00f2ria de Florence Foster Jenkins, considerada la pitjor cantant d&#8217;\u00f2pera de la hist\u00f2ria. Gener tamb\u00e9 parla de com tecnologies com la IA poden canviar la manera de compondre i de consumir m\u00fasica. El programa tamb\u00e9 tracta la IA aplicada a la sostenibilitat amb Laura Gil, presenta l&#8217;experi\u00e8ncia immersiva \u00abTitanic\u00bb del Centre Eclipso i recull els nous ajuts d&#8217;Acci\u00f3 per impulsar exportacions i obrir mercats.<\/span><\/p>\n<p>&nbsp;<\/p>\n<a href=\"https:\/\/www.3cat.cat\/3cat\/ramon-gener-a-la-vida-et-penedeixes-del-que-no-has-fet\/audio\/1254934\/\" target=\"_blank\"  class=\"qbutton \" style=\"\">veure m\u00e9s...<\/a>\n","protected":false},"excerpt":{"rendered":"<p>El \u00abRevoluci\u00f3 4.0\u00bb, el programa que dirigeix i presenta Xantal Llavina i que arriba aquest any a la desena temporada, comen\u00e7a amb una reflexi\u00f3 sobre la import\u00e0ncia que el factor hum\u00e0 prevalgui sempre sobre el tecnol\u00f2gic. Tamb\u00e9 s&#8217;hi entrevista dissabte el comunicador, escriptor i divulgador&#8230;<\/p>\n","protected":false},"author":1,"featured_media":5587,"comment_status":"closed","ping_status":"closed","sticky":false,"template":"","format":"standard","meta":{"footnotes":""},"categories":[60,26,42,1],"tags":[],"class_list":["post-5584","post","type-post","status-publish","format-standard","has-post-thumbnail","hentry","category-catalunyaradio","category-radio","category-revolucio","category-sin-categoria"],"aioseo_notices":[],"_links":{"self":[{"href":"https:\/\/xantalllavina.com\/index.php?rest_route=\/wp\/v2\/posts\/5584","targetHints":{"allow":["GET"]}}],"collection":[{"href":"https:\/\/xantalllavina.com\/index.php?rest_route=\/wp\/v2\/posts"}],"about":[{"href":"https:\/\/xantalllavina.com\/index.php?rest_route=\/wp\/v2\/types\/post"}],"author":[{"embeddable":true,"href":"https:\/\/xantalllavina.com\/index.php?rest_route=\/wp\/v2\/users\/1"}],"replies":[{"embeddable":true,"href":"https:\/\/xantalllavina.com\/index.php?rest_route=%2Fwp%2Fv2%2Fcomments&post=5584"}],"version-history":[{"count":2,"href":"https:\/\/xantalllavina.com\/index.php?rest_route=\/wp\/v2\/posts\/5584\/revisions"}],"predecessor-version":[{"id":5589,"href":"https:\/\/xantalllavina.com\/index.php?rest_route=\/wp\/v2\/posts\/5584\/revisions\/5589"}],"wp:featuredmedia":[{"embeddable":true,"href":"https:\/\/xantalllavina.com\/index.php?rest_route=\/wp\/v2\/media\/5587"}],"wp:attachment":[{"href":"https:\/\/xantalllavina.com\/index.php?rest_route=%2Fwp%2Fv2%2Fmedia&parent=5584"}],"wp:term":[{"taxonomy":"category","embeddable":true,"href":"https:\/\/xantalllavina.com\/index.php?rest_route=%2Fwp%2Fv2%2Fcategories&post=5584"},{"taxonomy":"post_tag","embeddable":true,"href":"https:\/\/xantalllavina.com\/index.php?rest_route=%2Fwp%2Fv2%2Ftags&post=5584"}],"curies":[{"name":"wp","href":"https:\/\/api.w.org\/{rel}","templated":true}]}}