{"id":994,"date":"2017-02-03T09:28:47","date_gmt":"2017-02-03T09:28:47","guid":{"rendered":"https:\/\/www.educamadrid.net\/wp\/?p=994"},"modified":"2017-02-27T18:11:13","modified_gmt":"2017-02-27T18:11:13","slug":"celebracio-de-90e-aniversari-de-la-radio","status":"publish","type":"post","link":"https:\/\/xantalllavina.com\/?p=994","title":{"rendered":"Celebraci\u00f3 de 90\u00e8 aniversari de la r\u00e0dio"},"content":{"rendered":"<p>Barcelona, 29 d\u2019abril de 2014.- \u00a0Amb motiu del 90\u00e8 aniversari del naixement de la r\u00e0dio a Catalunya, els alumnes de Gesti\u00f3 de Projectes de Televisi\u00f3 i R\u00e0dio de 1r curs del Cicle Formatiu de Grau Superior de Producci\u00f3 d\u2019Audiovisuals i Espectacles, van dur a terme un acte d\u2019homenatge al m\u00f3n de la r\u00e0dio.<\/p>\n<p>L\u2019acte va consistir en la realitzaci\u00f3 d\u2019un programa radiof\u00f2nic d\u2019una hora i mitja de durada, que va comptar amb entrevistes a professionals de diverses emissores de r\u00e0dio \u2013Xavier Sol\u00e0 de Catalunya R\u00e0dio; \u00a0Xantal Llavina de R\u00e0dio 4; Enric Frigola de R\u00e0dio Estel, etc.- \u00a0i en la presentaci\u00f3 de curts audiovisuals que van resumir els 90 anys d\u2019aquesta efem\u00e8ride. \u00a0Els alumnes, que havien treballat el g\u00e8nere de l\u2019entrevista pr\u00e8viament a classe, van poder dur-la a la pr\u00e0ctica intercanviant els rols amb els professionals que, per un dia, van ser els entrevistats. Professors i estudiants de l\u2019\u00c0rea Audiovisual van gaudir de l\u2019acte.<\/p>\n","protected":false},"excerpt":{"rendered":"<p>Barcelona, 29 d\u2019abril de 2014.- \u00a0Amb motiu del 90\u00e8 aniversari del naixement de la r\u00e0dio a Catalunya, els alumnes de Gesti\u00f3 de Projectes de Televisi\u00f3 i R\u00e0dio de 1r curs del Cicle Formatiu de Grau Superior de Producci\u00f3 d\u2019Audiovisuals i Espectacles, van dur a terme&#8230;<\/p>\n","protected":false},"author":1,"featured_media":0,"comment_status":"closed","ping_status":"closed","sticky":false,"template":"","format":"standard","meta":{"footnotes":""},"categories":[36],"tags":[],"class_list":["post-994","post","type-post","status-publish","format-standard","hentry","category-esdeveniments"],"aioseo_notices":[],"_links":{"self":[{"href":"https:\/\/xantalllavina.com\/index.php?rest_route=\/wp\/v2\/posts\/994","targetHints":{"allow":["GET"]}}],"collection":[{"href":"https:\/\/xantalllavina.com\/index.php?rest_route=\/wp\/v2\/posts"}],"about":[{"href":"https:\/\/xantalllavina.com\/index.php?rest_route=\/wp\/v2\/types\/post"}],"author":[{"embeddable":true,"href":"https:\/\/xantalllavina.com\/index.php?rest_route=\/wp\/v2\/users\/1"}],"replies":[{"embeddable":true,"href":"https:\/\/xantalllavina.com\/index.php?rest_route=%2Fwp%2Fv2%2Fcomments&post=994"}],"version-history":[{"count":1,"href":"https:\/\/xantalllavina.com\/index.php?rest_route=\/wp\/v2\/posts\/994\/revisions"}],"predecessor-version":[{"id":995,"href":"https:\/\/xantalllavina.com\/index.php?rest_route=\/wp\/v2\/posts\/994\/revisions\/995"}],"wp:attachment":[{"href":"https:\/\/xantalllavina.com\/index.php?rest_route=%2Fwp%2Fv2%2Fmedia&parent=994"}],"wp:term":[{"taxonomy":"category","embeddable":true,"href":"https:\/\/xantalllavina.com\/index.php?rest_route=%2Fwp%2Fv2%2Fcategories&post=994"},{"taxonomy":"post_tag","embeddable":true,"href":"https:\/\/xantalllavina.com\/index.php?rest_route=%2Fwp%2Fv2%2Ftags&post=994"}],"curies":[{"name":"wp","href":"https:\/\/api.w.org\/{rel}","templated":true}]}}